{"id":7841,"date":"2021-03-01T16:17:09","date_gmt":"2021-03-01T15:17:09","guid":{"rendered":"http:\/\/arser.org\/?p=7841"},"modified":"2022-06-20T15:28:25","modified_gmt":"2022-06-20T13:28:25","slug":"plexopathie-brachiale-radio-induite-et-pathologie-vasculaire-cachee","status":"publish","type":"post","link":"https:\/\/resra.bruet.com\/fr\/plexopathie-brachiale-radio-induite-et-pathologie-vasculaire-cachee\/","title":{"rendered":"Plexopathie brachiale radio-induite et pathologie vasculaire cach\u00e9e"},"content":{"rendered":"<p>En 2003, j&rsquo;ai \u00e9t\u00e9 op\u00e9r\u00e9e d&rsquo;un cancer du sein droit, trait\u00e9 ensuite par chimioth\u00e9rapie et radioth\u00e9rapie, en particulier au niveau ganglionnaire axillaire (sous le bras) et sus-claviculaire (au-dessus de la clavicule) et bien contente de m\u2019\u00eatre d\u00e9barrass\u00e9e du cancer\u00a0!<\/p>\n<p>Quinze ans apr\u00e8s, en 2017, j&rsquo;ai commenc\u00e9 \u00e0 avoir des fourmillements dans l&rsquo;auriculaire et l\u2019annulaire de la main droite avec un d\u00e9but d&rsquo;engourdissement. Je souffrais \u00e9galement du c\u00f4t\u00e9 droit, depuis quelques ann\u00e9es (2008), de migraines, de douleurs \u00e0 l&rsquo;\u0153il et \u00e0 l&rsquo;oreille droits pulsatiles, et de vertiges. Tous les m\u00e9decins consult\u00e9s pour cela au fil du temps ne trouvaient rien de sp\u00e9cial\u2026 L\u2019IRM du cerveau \u00e9tait normale, au point de laisser entendre que je m\u2019imaginais des soucis du c\u00f4t\u00e9 du cancer.<\/p>\n<p>Suite \u00e0 la garde prolong\u00e9e de mon petit-fils pendant deux semaines, un beau b\u00e9b\u00e9 de 9 mois r\u00e9clamant les bras \u00e0 longueur de journ\u00e9e, l\u2019\u00e9tat de mon bras s&rsquo;est aggrav\u00e9 par \u00e9tirement des nerfs. Apr\u00e8s consultation d&rsquo;un neurologue, le diagnostic \u00e9tait pos\u00e9 : s\u00e9quelle tardive de la radioth\u00e9rapie au niveau du plexus et nerfs du bras droit. Ce m\u00e9decin m\u2019a inform\u00e9 alors qu\u2019il n&rsquo;y avait rien \u00e0 faire et que cela allait s&rsquo;aggraver \u00e0 petite ou grande vitesse, on verrait bien ! Une sorte de condamnation sans appel.<\/p>\n<p>C\u2019est alors que j\u2019ai pris conscience que je ne voulais pas en rester l\u00e0, et j&rsquo;ai commenc\u00e9 des recherches sur Internet. J\u2019ai trouv\u00e9 un article du Pr Sylvie DELANIAN qui r\u00e9pondait \u00e0 mes questions sur la plexite, enfin\u00a0! Je me suis surprise \u00e0 danser de joie dans mon salon. Avais-je trouv\u00e9 la perle rare\u00a0?<\/p>\n<p>Le premier rendez-vous de consultation d\u00e9di\u00e9 a \u00e9t\u00e9 une r\u00e9v\u00e9lation. Enfin un m\u00e9decin qui \u00e9coute et comprend avec, sans nul doute, des comp\u00e9tences incroyables. Je remercie le Pr Sylvie DELANIAN d&rsquo;exister. Elle a confirm\u00e9 le diagnostic de s\u00e9quelle tardive de radioth\u00e9rapie la plexopathie radio-induite du plexus brachial droit, en s\u2019\u00e9tonnant de la non poursuite des investigations.\u00a0 J\u2019ai b\u00e9n\u00e9fici\u00e9 d\u00e8s le premier jour d\u2019un traitement anti-inflammatoire et fluidifiant pour un mois, le temps de finir les explorations, et d\u00e9j\u00e0 la douleur au poignet avait disparu.<\/p>\n<p>Une imagerie IRM du plexus nerveux associ\u00e9e \u00e0 des s\u00e9quences angiographiques a permis ensuite de rechercher puis d\u00e9couvrir une st\u00e9nose \u00e0 95 % (r\u00e9tr\u00e9cissement serr\u00e9) de l&rsquo;art\u00e8re sous-clavi\u00e8re droite pr\u00e9vert\u00e9brale en relation avec la radioth\u00e9rapie au niveau de la base du cou.\u00a0!Une exploration par art\u00e9riographie suivie de pose de stent dans l\u2019art\u00e8re sousclavi\u00e8re droite presque bouch\u00e9e a \u00e9t\u00e9 r\u00e9alis\u00e9e en urgence Ce geste m\u2019a sauv\u00e9 la vie, car il y avait une menace tr\u00e8s importante d\u2019accident vasculaire c\u00e9r\u00e9bral (AVC) et perte de l&rsquo;usage de mon bras. Depuis, comme par magie, les probl\u00e8mes de la t\u00eate du c\u00f4t\u00e9 droit ont disparu apr\u00e8s 10 ans de g\u00eane : mon cerveau et mon bras sont bien vascularis\u00e9s.<\/p>\n<p>Puis en relais a \u00e9t\u00e9 mis en place le protocole antifibrosant \u00ab PENTOCLO \u00bb pour traiter la plexite. Ces m\u00e9dicaments me fatiguent un peu mais cela n&rsquo;est rien en comparaison du b\u00e9n\u00e9fice et de l&rsquo;espoir que je mets dans ce traitement. Je dois \u00eatre \u00e0 l\u2019\u00e9coute de mon bras et ne pas faire d\u2019exc\u00e8s comme par exemple deux heures de repassage ou de m\u00e9nage intensif.\u00a0 J&rsquo;apprends tous les jours \u00e0 m\u00e9nager mon bras et ma main, mais les utilise pour ne pas les affaiblir. D\u00e8s que des douleurs apparaissent dans la main et comme j&rsquo;ai de moins en moins de force de pr\u00e9hension, je trouve des objets qui m&rsquo;aident, notamment dans ma cuisine : un crochet sp\u00e9cial pour ouvrir sans effort les bo\u00eetes de conserve avec anneau, un ouvre bocal automatique !<\/p>\n<p>J\u2019ai appris ainsi qu\u2019un mal peut en cacher un autre, les complications dans le volume de radioth\u00e9rapie peuvent \u00eatre multiples, certaines \u00e0 menace imm\u00e9diate, d\u2019autres lentes et chroniques. J\u2019ai appris \u00e9galement que ces s\u00e9quelles ne sont pas qu\u2019une fatalit\u00e9. Bien que je ne sois qu&rsquo;au d\u00e9but de mon traitement, je reste POSITIVE car j&rsquo;ai une confiance totale envers le Pr Sylvie DELANIAN.<\/p>\n<p>Danielle V.<\/p>","protected":false},"excerpt":{"rendered":"<p>En 2003, j&rsquo;ai \u00e9t\u00e9 op\u00e9r\u00e9e d&rsquo;un cancer du sein droit, trait\u00e9 ensuite par chimioth\u00e9rapie et radioth\u00e9rapie, en particulier au niveau ganglionnaire axillaire (sous le bras) et sus-claviculaire (au-dessus de la clavicule) et bien contente de m\u2019\u00eatre d\u00e9barrass\u00e9e du cancer\u00a0! Quinze ans apr\u00e8s, en 2017, j&rsquo;ai commenc\u00e9 \u00e0 avoir des fourmillements dans l&rsquo;auriculaire et l\u2019annulaire de &hellip; <a href=\"https:\/\/resra.bruet.com\/fr\/plexopathie-brachiale-radio-induite-et-pathologie-vasculaire-cachee\/\" class=\"more-link\">Continuer la lecture<span class=\"screen-reader-text\"> de &laquo;&nbsp;Plexopathie brachiale radio-induite et pathologie vasculaire cach\u00e9e&nbsp;&raquo;<\/span><\/a><\/p>\n","protected":false},"author":1519,"featured_media":0,"comment_status":"closed","ping_status":"closed","sticky":false,"template":"","format":"standard","meta":{"_bbp_topic_count":0,"_bbp_reply_count":0,"_bbp_total_topic_count":0,"_bbp_total_reply_count":0,"_bbp_voice_count":0,"_bbp_anonymous_reply_count":0,"_bbp_topic_count_hidden":0,"_bbp_reply_count_hidden":0,"_bbp_forum_subforum_count":0,"footnotes":""},"categories":[10],"tags":[],"class_list":["post-7841","post","type-post","status-publish","format-standard","hentry","category-temoignage"],"yoast_head":"<!-- This site is optimized with the Yoast SEO plugin v27.1.1 - https:\/\/yoast.com\/product\/yoast-seo-wordpress\/ -->\r\n<title>Plexopathie brachiale radio-induite et pathologie vasculaire cach\u00e9e - Association pour la Recherche sur les S\u00e9quelles de la Radioth\u00e9rapie<\/title>\r\n<meta name=\"robots\" content=\"index, follow, max-snippet:-1, max-image-preview:large, max-video-preview:-1\" \/>\r\n<link rel=\"canonical\" href=\"https:\/\/resra.bruet.com\/fr\/plexopathie-brachiale-radio-induite-et-pathologie-vasculaire-cachee\/\" \/>\r\n<meta property=\"og:locale\" content=\"fr_FR\" \/>\r\n<meta property=\"og:type\" content=\"article\" \/>\r\n<meta property=\"og:title\" content=\"Plexopathie brachiale radio-induite et pathologie vasculaire cach\u00e9e - Association pour la Recherche sur les S\u00e9quelles de la Radioth\u00e9rapie\" \/>\r\n<meta property=\"og:description\" content=\"En 2003, j&rsquo;ai \u00e9t\u00e9 op\u00e9r\u00e9e d&rsquo;un cancer du sein droit, trait\u00e9 ensuite par chimioth\u00e9rapie et radioth\u00e9rapie, en particulier au niveau ganglionnaire axillaire (sous le bras) et sus-claviculaire (au-dessus de la clavicule) et bien contente de m\u2019\u00eatre d\u00e9barrass\u00e9e du cancer\u00a0! Quinze ans apr\u00e8s, en 2017, j&rsquo;ai commenc\u00e9 \u00e0 avoir des fourmillements dans l&rsquo;auriculaire et l\u2019annulaire de &hellip; Continuer la lecture de &laquo;&nbsp;Plexopathie brachiale radio-induite et pathologie vasculaire cach\u00e9e&nbsp;&raquo;\" \/>\r\n<meta property=\"og:url\" content=\"https:\/\/resra.bruet.com\/fr\/plexopathie-brachiale-radio-induite-et-pathologie-vasculaire-cachee\/\" \/>\r\n<meta property=\"og:site_name\" content=\"Association pour la Recherche sur les S\u00e9quelles de la Radioth\u00e9rapie\" \/>\r\n<meta property=\"article:publisher\" content=\"https:\/\/www.facebook.com\/profile.php?id=100086562396208\" \/>\r\n<meta property=\"article:published_time\" content=\"2021-03-01T15:17:09+00:00\" \/>\r\n<meta property=\"article:modified_time\" content=\"2022-06-20T13:28:25+00:00\" \/>\r\n<meta name=\"author\" content=\"AdminArser\" \/>\r\n<meta name=\"twitter:card\" content=\"summary_large_image\" \/>\r\n<meta name=\"twitter:label1\" content=\"\u00c9crit par\" \/>\n\t<meta name=\"twitter:data1\" content=\"AdminArser\" \/>\n\t<meta name=\"twitter:label2\" content=\"Dur\u00e9e de lecture estim\u00e9e\" \/>\n\t<meta name=\"twitter:data2\" content=\"7 minutes\" \/>\r\n<script type=\"application\/ld+json\" class=\"yoast-schema-graph\">{\"@context\":\"https:\/\/schema.org\",\"@graph\":[{\"@type\":\"Article\",\"@id\":\"https:\/\/resra.bruet.com\/plexopathie-brachiale-radio-induite-et-pathologie-vasculaire-cachee\/#article\",\"isPartOf\":{\"@id\":\"https:\/\/resra.bruet.com\/plexopathie-brachiale-radio-induite-et-pathologie-vasculaire-cachee\/\"},\"author\":{\"name\":\"AdminArser\",\"@id\":\"https:\/\/resra.bruet.com\/#\/schema\/person\/bfd4d66106ac18baa3e8c590ef0409e5\"},\"headline\":\"Plexopathie brachiale radio-induite et pathologie vasculaire cach\u00e9e\",\"datePublished\":\"2021-03-01T15:17:09+00:00\",\"dateModified\":\"2022-06-20T13:28:25+00:00\",\"mainEntityOfPage\":{\"@id\":\"https:\/\/resra.bruet.com\/plexopathie-brachiale-radio-induite-et-pathologie-vasculaire-cachee\/\"},\"wordCount\":1385,\"publisher\":{\"@id\":\"https:\/\/resra.bruet.com\/#organization\"},\"articleSection\":[\"T\u00e9moignages\"],\"inLanguage\":\"fr-FR\"},{\"@type\":\"WebPage\",\"@id\":\"https:\/\/resra.bruet.com\/fr\/plexopathie-brachiale-radio-induite-et-pathologie-vasculaire-cachee\/\",\"url\":\"https:\/\/resra.bruet.com\/fr\/plexopathie-brachiale-radio-induite-et-pathologie-vasculaire-cachee\/\",\"name\":\"Plexopathie brachiale radio-induite et pathologie vasculaire cach\u00e9e - Association pour la Recherche sur les S\u00e9quelles de la Radioth\u00e9rapie\",\"isPartOf\":{\"@id\":\"https:\/\/resra.bruet.com\/fr\/#website\"},\"datePublished\":\"2021-03-01T15:17:09+00:00\",\"dateModified\":\"2022-06-20T13:28:25+00:00\",\"breadcrumb\":{\"@id\":\"https:\/\/resra.bruet.com\/fr\/plexopathie-brachiale-radio-induite-et-pathologie-vasculaire-cachee\/#breadcrumb\"},\"inLanguage\":\"fr-FR\",\"potentialAction\":[{\"@type\":\"ReadAction\",\"target\":[[\"https:\/\/resra.bruet.com\/fr\/plexopathie-brachiale-radio-induite-et-pathologie-vasculaire-cachee\/\"]]}]},{\"@type\":\"BreadcrumbList\",\"@id\":\"https:\/\/resra.bruet.com\/fr\/plexopathie-brachiale-radio-induite-et-pathologie-vasculaire-cachee\/#breadcrumb\",\"itemListElement\":[{\"@type\":\"ListItem\",\"position\":1,\"name\":\"Accueil\",\"item\":\"https:\/\/resra.bruet.com\/fr\/\"},{\"@type\":\"ListItem\",\"position\":2,\"name\":\"Plexopathie brachiale radio-induite et pathologie vasculaire cach\u00e9e\"}]},{\"@type\":\"WebSite\",\"@id\":\"https:\/\/resra.bruet.com\/fr\/#website\",\"url\":\"https:\/\/resra.bruet.com\/fr\/\",\"name\":\"Association pour la Recherche sur les S\u00e9quelles de la Radioth\u00e9rapie\",\"description\":\"Aider les patients ayant suivi une radioth\u00e9rapie \u00e0 en minimiser les s\u00e9quelles\",\"publisher\":{\"@id\":\"https:\/\/resra.bruet.com\/fr\/#organization\"},\"potentialAction\":[{\"@type\":\"SearchAction\",\"target\":{\"@type\":\"EntryPoint\",\"urlTemplate\":\"https:\/\/resra.bruet.com\/fr\/?s={search_term_string}\"},\"query-input\":{\"@type\":\"PropertyValueSpecification\",\"valueRequired\":true,\"valueName\":\"search_term_string\"}}],\"inLanguage\":\"fr-FR\"},{\"@type\":\"Organization\",\"@id\":\"https:\/\/resra.bruet.com\/fr\/#organization\",\"name\":\"Association pour la Recherche sur les S\u00e9quelles de la Radioth\u00e9rapie\",\"url\":\"https:\/\/resra.bruet.com\/fr\/\",\"logo\":{\"@type\":\"ImageObject\",\"inLanguage\":\"fr-FR\",\"@id\":\"https:\/\/resra.bruet.com\/fr\/#\/schema\/logo\/image\/\",\"url\":\"https:\/\/resra.bruet.com\/wp-content\/uploads\/2022\/03\/logo-Grand-ARSER-web-carre.jpg\",\"contentUrl\":\"https:\/\/resra.bruet.com\/wp-content\/uploads\/2022\/03\/logo-Grand-ARSER-web-carre.jpg\",\"width\":300,\"height\":300,\"caption\":\"Association pour la Recherche sur les S\u00e9quelles de la Radioth\u00e9rapie\"},\"image\":{\"@id\":\"https:\/\/resra.bruet.com\/fr\/#\/schema\/logo\/image\/\"},\"sameAs\":[\"https:\/\/www.facebook.com\/profile.php?id=100086562396208\"]},{\"@type\":\"Person\",\"@id\":\"https:\/\/resra.bruet.com\/#\/schema\/person\/bfd4d66106ac18baa3e8c590ef0409e5\",\"name\":\"AdminArser\",\"image\":{\"@type\":\"ImageObject\",\"inLanguage\":\"fr-FR\",\"@id\":\"https:\/\/resra.bruet.com\/fr\/#\/schema\/person\/image\/\",\"url\":\"https:\/\/secure.gravatar.com\/avatar\/843f6acdab194e0868e42182ea477beb5f6728f13aec135eba9b31e4308ecc64?s=96&d=blank&r=g\",\"contentUrl\":\"https:\/\/secure.gravatar.com\/avatar\/843f6acdab194e0868e42182ea477beb5f6728f13aec135eba9b31e4308ecc64?s=96&d=blank&r=g\",\"caption\":\"AdminArser\"},\"url\":\"https:\/\/resra.bruet.com\/fr\/author\/adminarser\/\"}]}<\/script>\r\n<!-- \/ Yoast SEO plugin. -->","yoast_head_json":{"title":"Plexopathie brachiale radio-induite et pathologie vasculaire cach\u00e9e - Association pour la Recherche sur les S\u00e9quelles de la Radioth\u00e9rapie","robots":{"index":"index","follow":"follow","max-snippet":"max-snippet:-1","max-image-preview":"max-image-preview:large","max-video-preview":"max-video-preview:-1"},"canonical":"https:\/\/resra.bruet.com\/fr\/plexopathie-brachiale-radio-induite-et-pathologie-vasculaire-cachee\/","og_locale":"fr_FR","og_type":"article","og_title":"Plexopathie brachiale radio-induite et pathologie vasculaire cach\u00e9e - Association pour la Recherche sur les S\u00e9quelles de la Radioth\u00e9rapie","og_description":"En 2003, j&rsquo;ai \u00e9t\u00e9 op\u00e9r\u00e9e d&rsquo;un cancer du sein droit, trait\u00e9 ensuite par chimioth\u00e9rapie et radioth\u00e9rapie, en particulier au niveau ganglionnaire axillaire (sous le bras) et sus-claviculaire (au-dessus de la clavicule) et bien contente de m\u2019\u00eatre d\u00e9barrass\u00e9e du cancer\u00a0! Quinze ans apr\u00e8s, en 2017, j&rsquo;ai commenc\u00e9 \u00e0 avoir des fourmillements dans l&rsquo;auriculaire et l\u2019annulaire de &hellip; Continuer la lecture de &laquo;&nbsp;Plexopathie brachiale radio-induite et pathologie vasculaire cach\u00e9e&nbsp;&raquo;","og_url":"https:\/\/resra.bruet.com\/fr\/plexopathie-brachiale-radio-induite-et-pathologie-vasculaire-cachee\/","og_site_name":"Association pour la Recherche sur les S\u00e9quelles de la Radioth\u00e9rapie","article_publisher":"https:\/\/www.facebook.com\/profile.php?id=100086562396208","article_published_time":"2021-03-01T15:17:09+00:00","article_modified_time":"2022-06-20T13:28:25+00:00","author":"AdminArser","twitter_card":"summary_large_image","twitter_misc":{"\u00c9crit par":"AdminArser","Dur\u00e9e de lecture estim\u00e9e":"7 minutes"},"schema":{"@context":"https:\/\/schema.org","@graph":[{"@type":"Article","@id":"https:\/\/resra.bruet.com\/plexopathie-brachiale-radio-induite-et-pathologie-vasculaire-cachee\/#article","isPartOf":{"@id":"https:\/\/resra.bruet.com\/plexopathie-brachiale-radio-induite-et-pathologie-vasculaire-cachee\/"},"author":{"name":"AdminArser","@id":"https:\/\/resra.bruet.com\/#\/schema\/person\/bfd4d66106ac18baa3e8c590ef0409e5"},"headline":"Plexopathie brachiale radio-induite et pathologie vasculaire cach\u00e9e","datePublished":"2021-03-01T15:17:09+00:00","dateModified":"2022-06-20T13:28:25+00:00","mainEntityOfPage":{"@id":"https:\/\/resra.bruet.com\/plexopathie-brachiale-radio-induite-et-pathologie-vasculaire-cachee\/"},"wordCount":1385,"publisher":{"@id":"https:\/\/resra.bruet.com\/#organization"},"articleSection":["T\u00e9moignages"],"inLanguage":"fr-FR"},{"@type":"WebPage","@id":"https:\/\/resra.bruet.com\/fr\/plexopathie-brachiale-radio-induite-et-pathologie-vasculaire-cachee\/","url":"https:\/\/resra.bruet.com\/fr\/plexopathie-brachiale-radio-induite-et-pathologie-vasculaire-cachee\/","name":"Plexopathie brachiale radio-induite et pathologie vasculaire cach\u00e9e - Association pour la Recherche sur les S\u00e9quelles de la Radioth\u00e9rapie","isPartOf":{"@id":"https:\/\/resra.bruet.com\/fr\/#website"},"datePublished":"2021-03-01T15:17:09+00:00","dateModified":"2022-06-20T13:28:25+00:00","breadcrumb":{"@id":"https:\/\/resra.bruet.com\/fr\/plexopathie-brachiale-radio-induite-et-pathologie-vasculaire-cachee\/#breadcrumb"},"inLanguage":"fr-FR","potentialAction":[{"@type":"ReadAction","target":[["https:\/\/resra.bruet.com\/fr\/plexopathie-brachiale-radio-induite-et-pathologie-vasculaire-cachee\/"]]}]},{"@type":"BreadcrumbList","@id":"https:\/\/resra.bruet.com\/fr\/plexopathie-brachiale-radio-induite-et-pathologie-vasculaire-cachee\/#breadcrumb","itemListElement":[{"@type":"ListItem","position":1,"name":"Accueil","item":"https:\/\/resra.bruet.com\/fr\/"},{"@type":"ListItem","position":2,"name":"Plexopathie brachiale radio-induite et pathologie vasculaire cach\u00e9e"}]},{"@type":"WebSite","@id":"https:\/\/resra.bruet.com\/fr\/#website","url":"https:\/\/resra.bruet.com\/fr\/","name":"Association pour la Recherche sur les S\u00e9quelles de la Radioth\u00e9rapie","description":"Aider les patients ayant suivi une radioth\u00e9rapie \u00e0 en minimiser les s\u00e9quelles","publisher":{"@id":"https:\/\/resra.bruet.com\/fr\/#organization"},"potentialAction":[{"@type":"SearchAction","target":{"@type":"EntryPoint","urlTemplate":"https:\/\/resra.bruet.com\/fr\/?s={search_term_string}"},"query-input":{"@type":"PropertyValueSpecification","valueRequired":true,"valueName":"search_term_string"}}],"inLanguage":"fr-FR"},{"@type":"Organization","@id":"https:\/\/resra.bruet.com\/fr\/#organization","name":"Association pour la Recherche sur les S\u00e9quelles de la Radioth\u00e9rapie","url":"https:\/\/resra.bruet.com\/fr\/","logo":{"@type":"ImageObject","inLanguage":"fr-FR","@id":"https:\/\/resra.bruet.com\/fr\/#\/schema\/logo\/image\/","url":"https:\/\/resra.bruet.com\/wp-content\/uploads\/2022\/03\/logo-Grand-ARSER-web-carre.jpg","contentUrl":"https:\/\/resra.bruet.com\/wp-content\/uploads\/2022\/03\/logo-Grand-ARSER-web-carre.jpg","width":300,"height":300,"caption":"Association pour la Recherche sur les S\u00e9quelles de la Radioth\u00e9rapie"},"image":{"@id":"https:\/\/resra.bruet.com\/fr\/#\/schema\/logo\/image\/"},"sameAs":["https:\/\/www.facebook.com\/profile.php?id=100086562396208"]},{"@type":"Person","@id":"https:\/\/resra.bruet.com\/#\/schema\/person\/bfd4d66106ac18baa3e8c590ef0409e5","name":"AdminArser","image":{"@type":"ImageObject","inLanguage":"fr-FR","@id":"https:\/\/resra.bruet.com\/fr\/#\/schema\/person\/image\/","url":"https:\/\/secure.gravatar.com\/avatar\/843f6acdab194e0868e42182ea477beb5f6728f13aec135eba9b31e4308ecc64?s=96&d=blank&r=g","contentUrl":"https:\/\/secure.gravatar.com\/avatar\/843f6acdab194e0868e42182ea477beb5f6728f13aec135eba9b31e4308ecc64?s=96&d=blank&r=g","caption":"AdminArser"},"url":"https:\/\/resra.bruet.com\/fr\/author\/adminarser\/"}]}},"_links":{"self":[{"href":"https:\/\/resra.bruet.com\/fr\/wp-json\/wp\/v2\/posts\/7841","targetHints":{"allow":["GET"]}}],"collection":[{"href":"https:\/\/resra.bruet.com\/fr\/wp-json\/wp\/v2\/posts"}],"about":[{"href":"https:\/\/resra.bruet.com\/fr\/wp-json\/wp\/v2\/types\/post"}],"author":[{"embeddable":true,"href":"https:\/\/resra.bruet.com\/fr\/wp-json\/wp\/v2\/users\/1519"}],"replies":[{"embeddable":true,"href":"https:\/\/resra.bruet.com\/fr\/wp-json\/wp\/v2\/comments?post=7841"}],"version-history":[{"count":7,"href":"https:\/\/resra.bruet.com\/fr\/wp-json\/wp\/v2\/posts\/7841\/revisions"}],"predecessor-version":[{"id":10806,"href":"https:\/\/resra.bruet.com\/fr\/wp-json\/wp\/v2\/posts\/7841\/revisions\/10806"}],"wp:attachment":[{"href":"https:\/\/resra.bruet.com\/fr\/wp-json\/wp\/v2\/media?parent=7841"}],"wp:term":[{"taxonomy":"category","embeddable":true,"href":"https:\/\/resra.bruet.com\/fr\/wp-json\/wp\/v2\/categories?post=7841"},{"taxonomy":"post_tag","embeddable":true,"href":"https:\/\/resra.bruet.com\/fr\/wp-json\/wp\/v2\/tags?post=7841"}],"curies":[{"name":"wp","href":"https:\/\/api.w.org\/{rel}","templated":true}]}}