{"id":7623,"date":"2021-01-11T10:53:42","date_gmt":"2021-01-11T09:53:42","guid":{"rendered":"http:\/\/arser.org\/?p=7623"},"modified":"2022-03-08T00:22:58","modified_gmt":"2022-03-07T23:22:58","slug":"proces-verbal-dassemblee-generale-2019","status":"publish","type":"post","link":"https:\/\/resra.bruet.com\/fr\/proces-verbal-dassemblee-generale-2019\/","title":{"rendered":"Proc\u00e8s verbal d&rsquo;assembl\u00e9e g\u00e9n\u00e9rale 2019 du 9 novembre 2020"},"content":{"rendered":"<p>&nbsp;<\/p>\n<p><a href=\"https:\/\/resra.bruet.com\/\"><strong>www.arser.org<\/strong><\/a><\/p>\n<p>Les membres de l\u2019Association ont \u00e9t\u00e9 convoqu\u00e9s par courrier \u00e9lectronique le 27\/ 10\/ 2020<\/p>\n<p>Quarante adh\u00e9rents de l\u2019ARSER ont particip\u00e9 \u00e0 cette AG : 22 pr\u00e9sents et 18 repr\u00e9sent\u00e9s. L\u2019Assembl\u00e9e peut valablement d\u00e9lib\u00e9rer, dans le respect des statuts.<\/p>\n<p><strong>La s\u00e9ance est ouverte en visioconf\u00e9rence \u00e0 14h30 (Zoom)<\/strong><\/p>\n<p>La Pr\u00e9sidente, Pr Sylvie DELANIAN, souhaite la bienvenue aux membres pr\u00e9sents et les remercie de s\u2019\u00eatre connect\u00e9s. Elle remercie aussi les adh\u00e9rents qui ont envoy\u00e9 leur pouvoir, preuve de leur int\u00e9r\u00eat pour les actions de l\u2019ARSER, malgr\u00e9 le confinement.<\/p>\n<p><strong>\u00a0\u00a0\u00a0\u00a0\u00a0\u00a0\u00a0\u00a0\u00a0\u00a0\u00a0 Nous f\u00eatons les 10 ANS de l\u2019ARSER depuis sa cr\u00e9ation en 2010 avec Herv\u00e9 LIONEL MARIE, Pr Pierre-Fran\u00e7ois PRADAT et Pr Sylvie DELANIAN, trio-fondateur avec Carl HANS, Jean VALLEE&#8230;<br \/>\nCette d\u00e9cade a \u00e9t\u00e9 marqu\u00e9e par quelques dates. Le 14\/11\/2011, nous \u00e9tions sur France 5 (Allo docteur) H Lionel Marie et S Delanian pour une premi\u00e8re \u00e9mission t\u00e9l\u00e9visuelle sur les s\u00e9quelles radio-induites. Nous avons ensuite cr\u00e9\u00e9 notre logo, r\u00e9alis\u00e9 des d\u00e9pliants et affichettes\u2026<\/strong><\/p>\n<p><strong>\u00a0\u00a0\u00a0\u00a0\u00a0\u00a0\u00a0\u00a0\u00a0\u00a0\u00a0 Herv\u00e9 nous a quitt\u00e9 en post-op\u00e9ratoire en 2012 (interim de pr\u00e9sidence par Regis PARENQUE), mais avait permis, juste avant, la cr\u00e9ation d\u2019un site internet pour l\u2019ARSER qui s\u2019est \u00e9toff\u00e9 depuis.<\/strong><\/p>\n<p><strong>\u00a0\u00a0\u00a0\u00a0\u00a0\u00a0\u00a0\u00a0\u00a0\u00a0\u00a0 En mai 2013, Sylvie DELANIAN a accept\u00e9 la pr\u00e9sidence assur\u00e9e jusqu\u2019\u00e0 ce jour, rejointe par une nouvelle \u00e9quipe avec pour secr\u00e9taire Jean Bernard FROIDURE (en relais d\u2019Antonia KROPFINGER) et pour tr\u00e9sorier Philippe REMIGIUS (en relais d\u2019Edouard LEROY) puis R\u00e9gine KUBIAC apr\u00e8s sa disparition postop\u00e9ratoire en 08\/2017. Le conseil scientifique s\u2019est d\u00e9velopp\u00e9 pour couvrir un vaste champ de comp\u00e9tence, sous l\u2019impulsion du Pr Pradat.<\/strong><\/p>\n<p><strong>\u00a0<\/strong>La raison d\u2019\u00eatre de l\u2019ARSER \u00e9tait et demeure\u00a0: aider les patients souvent affaiblis, en s\u2019appuyant la recherche m\u00e9dicale, mais aussi en suscitant des \u00e9changes entre les patients. L\u2019ARSER n\u2019est pas destin\u00e9e \u00e0 regrouper des patients consid\u00e9rant qu\u2019ils sont des \u00ab\u00a0victimes\u00a0\u00bb de la radioth\u00e9rapie. L\u2019ARSER s\u2019est donn\u00e9 comme mission d\u2019informer les patients et les m\u00e9decins des progr\u00e8s de la recherche sur les s\u00e9quelles de la radioth\u00e9rapie.<\/p>\n<p><strong>\u00a0<\/strong>1- <strong>Disparition de Jean Bernard Froidure <\/strong>en 10\/2020, secr\u00e9taire g\u00e9n\u00e9ral de L\u2019ARSER depuis 6 ans.<\/p>\n<p>Jean Bernard a rejoint le bureau et a su tr\u00e8s vite imprimer ses qualit\u00e9s d\u2019entrepreneur au service de notre cause\u00a0: il nous laisse des comptes fournis, des adh\u00e9rents motiv\u00e9s et de belles rencontres humaines. La complicit\u00e9, le travail, l\u2019ordre, la bienveillance, l\u2019intelligence de c\u0153ur de notre secr\u00e9taire ont fait \u00e9voluer notre association jusqu\u2019\u00e0 ce jour. Il nous manque d\u00e9j\u00e0.<\/p>\n<p><strong>2-Bilan financier<\/strong> au 31 12 2019<\/p>\n<p>R\u00e9gine KUBIAK, Tr\u00e9sori\u00e8re de l\u2019ARSER, annonce que, cette ann\u00e9e encore, les cotisations ont couvert les d\u00e9penses de fonctionnement de l\u2019association, sachant que les b\u00e9n\u00e9voles, membres du Bureau, mettent leurs \u00e9quipements informatiques (ordinateurs, imprimantes, logiciels) \u00e0 disposition de l\u2019ARSER.<\/p>\n<p><strong>Le r\u00e9sultat net de l\u2019exercice 2019<\/strong> est de + 7680\u20ac (versus 5285 en 2018) de cotisations, auquel s\u2019ajoutent + 3165\u20ac de dons pour la Recherche m\u00e9dicale (Livret A \u00e0 50 500\u20ac). Le bilan 2019 est approuv\u00e9 \u00e0 l\u2019unanimit\u00e9.<\/p>\n<p><strong>Le budget pr\u00e9visionnel 2020<\/strong> est de 9 600\u20ac de d\u00e9penses pour 3 800\u20ac de cotisations. A ces chiffres s\u2019ajoute un pr\u00e9visionnel de 2700\u20ac de dons pour la Recherche m\u00e9dicale.<\/p>\n<p>Quitus est donn\u00e9 \u00e0 Sylvie DELANIAN, Pr\u00e9sidente et R\u00e9gine KUBIAK, Tr\u00e9sori\u00e8re.<\/p>\n<p><strong>Fixation de la cotisation 2021<\/strong><\/p>\n<p>En 2016, la cotisation est pass\u00e9e de 20 \u20ac \u00e0 30 \u20ac. Nous proposons qu\u2019elle reste inchang\u00e9e pour 2020 et 2021.\u00a0 Cette d\u00e9cision est approuv\u00e9e \u00e0 l\u2019unanimit\u00e9.<\/p>\n<p>2- <strong>Annuaire en ligne<\/strong> de l\u2019ARSER : <strong>168 membres<\/strong> inscrits, soit 32 de plus qu\u2019en 2019<\/p>\n<p>Jean-Bernard FROIDURE, Secr\u00e9taire g\u00e9n\u00e9ral, a accueilli pour l\u2019ASER 29 nouveaux adh\u00e9rents en 2019, versus 25 en 2018, 19 en 2017, 13 en 2016.<\/p>\n<p>Aujourd\u2019hui, l\u2019ARSER compte <strong>222 membres actifs<\/strong>, r\u00e9partis par moiti\u00e9 entre la r\u00e9gion parisienne et la province, dont 146 cotisent chaque ann\u00e9e. 141 membres ont accept\u00e9 que leur nom figure dans l\u2019annuaire du site, qui est uniquement accessible aux membres de l\u2019ARSER.<\/p>\n<p>4 &#8211; R\u00e9\u00e9lection des membres du <strong>Conseil d\u2019administration<\/strong>.<\/p>\n<p>Se repr\u00e9sentent \u00e0 leur fonction actuelle en 2020 et soumettent leur candidature \u00e0 votre approbation et ont \u00e9t\u00e9 \u00e9lus \u00e0 l\u2019unanimit\u00e9 :<\/p>\n<ul>\n<li>Pr\u00e9sidente\u00a0: Pr Sylvie DELANIAN<\/li>\n<li>Vice-pr\u00e9sident\u00a0: Pr Pierre-Fran\u00e7ois PRADAT<\/li>\n<li>Secr\u00e9taire g\u00e9n\u00e9ral\u00a0:\u00a0 Jean-Bernard FROIDURE\u2021, suppl\u00e9ant Roselyne NICOLAS,<\/li>\n<li>Tr\u00e9sori\u00e8re\u00a0: R\u00e9gine KUBIAK, suppl\u00e9ant Benoit BRUET<\/li>\n<li>Responsable relations ext\u00e9rieures : Jean-Pierre BRIOT<\/li>\n<li>D\u00e9l\u00e9gu\u00e9 Bretagne\u00a0: Jean VALLEE, administrateur<\/li>\n<li>D\u00e9l\u00e9gu\u00e9 Occitanie\u00a0: Hans CARL, administrateur<\/li>\n<li>D\u00e9l\u00e9gu\u00e9e PACA\u00a0: Chantal GONZALEZ,<\/li>\n<\/ul>\n<p>6 &#8211; Rapport d\u2019activit\u00e9 2019-2020<\/p>\n<p><strong>A <\/strong>&#8211; Le <strong>Dr C\u00e9line BOURGIER<\/strong>, oncologue-radioth\u00e9rapeute, radiobiologiste \u00e0 l\u2019Institut du Cancer de Montpellier, etLe <strong>Dr Sameh AWAD<\/strong>, radiologue vasculaire interventionnel en Ile de France ont rejoint l\u2019ARSER le Comit\u00e9 scientifique de l\u2019ARSER.<\/p>\n<p><strong>B<\/strong> &#8211; La D\u00e9l\u00e9gu\u00e9e de la r\u00e9gion Pays de Loire a cess\u00e9 ses fonctions pour raison m\u00e9dicale.<\/p>\n<p><strong>C<\/strong> &#8211; Les Forums du site ARSER, regroup\u00e9s par grand th\u00e8me afin de faciliter la communication entre les patients, sont d\u00e9sormais moins nombreux : 28 au lieu de 82.<\/p>\n<p>Il faudra surtout souligner le succ\u00e8s des <strong>t\u00e9moignages de patients<\/strong> en \u00e9ditorial permettant \u00e0 nombre de personnes de sortir d\u2019un isolement certain avec cette pathologie particuli\u00e8re.<\/p>\n<p><strong>D<\/strong> &#8211; Apr\u00e8s entretiens avec le Pr Sylvie DELANIAN et gr\u00e2ce \u00e0 la m\u00e9diation de Roselyne NICOLAS, le Comit\u00e9 scientifique et m\u00e9dical d\u2019ORPHANET a cr\u00e9\u00e9 deux entit\u00e9s \u00ab maladies rares \u00bb:<br \/>\nPlexopathie radio-induite ORPHA 521123 et Ost\u00e9oradion\u00e9crose mandibulaire ORPHA \u00a0\u00a0 521127, se rajoutant aux entit\u00e9s My\u00e9lite radique ORPHA 90021, Proctite radique ORPHA \u00a0\u00a0\u00a0\u00a0\u00a0 70475, Maladie radio-induite ORPHA 521132.<\/p>\n<p>7 \u2013 Les r\u00e9sultats de <strong>l\u2019essai randomis\u00e9 traitement PENTOCLO<\/strong> dans la plexite radio-induite ont \u00e9t\u00e9 publi\u00e9 dans International Journal of Radiation Oncology Biology Physics (dit journal \u00ab\u00a0rouge\u00a0\u00bb) en janvier 2020\u00a0: \u201cRandomized placebo-controlled clinical trial combining pentoxifylline-tocopherol and clodronate in the treatment of radiation-induced plexopathy\u00a0\u00bb Delanian et al 2020\u00a0; 107\u00a0: 154-162. \u00a0Du fait de l\u2019\u00e9tat d\u2019avancement de la plexite chez de nombreux patients, en particulier par art\u00e9rite radio-induite associ\u00e9e, il n\u2019a pas \u00e9t\u00e9 d\u00e9montr\u00e9 de diff\u00e9rence significative entre les 2 groupes trait\u00e9s.<\/p>\n<p>8 &#8211; R\u00e9flexion pour d\u00e9velopper l\u2019implication des D\u00e9l\u00e9gu\u00e9s r\u00e9gionaux et dynamiser les Forums de discussion en ligne : diffuser \u00e0 tous les adh\u00e9rents les t\u00e9moignages de patients, \u00ab les grands t\u00e9moins \u00bb ou \u00ab les patients experts \u00bb.<br \/>\nChaque patient tr\u00e8s atteint devient un \u00ab patient expert \u00bb, c\u2019est-\u00e0-dire qui a d\u00e9velopp\u00e9 au fil du temps une connaissance fine des s\u00e9quelles dont il souffre et peut en rendre compte pour aider d\u2019autres patients plus \u00ab novices \u00bb. \u00a0Les forums prennent alors le relais pour des discussions entre adh\u00e9rents. Mr B CHE. nous informe qu\u2019il a particip\u00e9 \u00e0 une \u00e9tude patient-expert dans le suivi \u00e0 long terme pour l\u2019INCA et fait aussi parti de l\u2019association des Aguerris (suivi adulte des enfants trait\u00e9s pour cancer).<\/p>\n<p>D\u00e9ployer un moyen facile de r\u00e9gler la cotisation de fa\u00e7on d\u00e9mat\u00e9rialis\u00e9e (CB ou virement)<\/p>\n<p>D\u00e9ployer un moyen facile de r\u00e9gler la cotisation de fa\u00e7on d\u00e9mat\u00e9rialis\u00e9e (CB ou virement)<\/p>\n<ul>\n<li>Les forums semblent d\u2019autant plus efficaces qu\u2019un th\u00e8me (petit \u00e9v\u00e9nement) est abord\u00e9 tous les mois en viso-conf\u00e9rence, \u00b1 apr\u00e8s questionnaire pr\u00e9alable (Mme F GA.).<\/li>\n<li>Echange entre Pr PF PRADAT et JP BRIOT le th\u00e8me du traitement de grand nombre de donn\u00e9es m\u00e9dicales par intelligence artificielle, appliqu\u00e9 aux s\u00e9quelles de la radioth\u00e9rapie, afin de d\u00e9gager par exemple des facteurs pronostiques individuels.<\/li>\n<li>ARSER suisse est bien cr\u00e9\u00e9e avec Pr\u00e9sidente Pr MC VOZENIN et vice-pr\u00e9sidente Pr TSOUTSOU. Nous leur proposons, via JM CARIAGE tr\u00e9sorier, de cr\u00e9er une rubrique partag\u00e9e sur notre site internet \u00ab\u00a0ARSER.org\u00a0\u00bb francophone.<\/li>\n<li>R\u00e9f\u00e9rencement du site de l\u2019ARSER sur google \u00e0 am\u00e9liorer, B BRUET et JP BRIOT se proposent de s\u2019y atteler.<\/li>\n<li>Cr\u00e9ation d\u2019une rubrique adapt\u00e9e aux s\u00e9quelles ORL (jet dentaire, di\u00e9t\u00e9tique\u00a0?)<\/li>\n<li>Cr\u00e9ation de lien informatique avec sp\u00e9cialistes ou centres sp\u00e9cialis\u00e9s prenant en charge les s\u00e9quelles radio-induites (gr\u00eale radique, ost\u00e9o-radion\u00e9crose\u2026)<\/li>\n<\/ul>\n<p>Seuls les membres \u00e0 jour de leur cotisation ont assist\u00e9 \u00e0 l\u2019Assembl\u00e9e et particip\u00e9 aux votes<br \/>\nAucun autre sujet n\u2019\u00e9tant \u00e0 l\u2019ordre du jour, la Pr\u00e9sidente remercie \u00e0 nouveau les personnes pr\u00e9sentes et cl\u00f4ture l\u2019Assembl\u00e9e g\u00e9n\u00e9rale \u00e0 17heures.<\/p>\n<p><strong>Pr Sylvie DELANIAN, <\/strong>Pr\u00e9sidente de l\u2019ARSER<\/p>","protected":false},"excerpt":{"rendered":"<p>&nbsp; www.arser.org Les membres de l\u2019Association ont \u00e9t\u00e9 convoqu\u00e9s par courrier \u00e9lectronique le 27\/ 10\/ 2020 Quarante adh\u00e9rents de l\u2019ARSER ont particip\u00e9 \u00e0 cette AG : 22 pr\u00e9sents et 18 repr\u00e9sent\u00e9s. L\u2019Assembl\u00e9e peut valablement d\u00e9lib\u00e9rer, dans le respect des statuts. La s\u00e9ance est ouverte en visioconf\u00e9rence \u00e0 14h30 (Zoom) La Pr\u00e9sidente, Pr Sylvie DELANIAN, souhaite &hellip; <a href=\"https:\/\/resra.bruet.com\/fr\/proces-verbal-dassemblee-generale-2019\/\" class=\"more-link\">Continuer la lecture<span class=\"screen-reader-text\"> de &laquo;&nbsp;Proc\u00e8s verbal d&rsquo;assembl\u00e9e g\u00e9n\u00e9rale 2019 du 9 novembre 2020&nbsp;&raquo;<\/span><\/a><\/p>\n","protected":false},"author":45,"featured_media":0,"comment_status":"closed","ping_status":"closed","sticky":false,"template":"","format":"standard","meta":{"_bbp_topic_count":0,"_bbp_reply_count":0,"_bbp_total_topic_count":0,"_bbp_total_reply_count":0,"_bbp_voice_count":0,"_bbp_anonymous_reply_count":0,"_bbp_topic_count_hidden":0,"_bbp_reply_count_hidden":0,"_bbp_forum_subforum_count":0,"footnotes":""},"categories":[9],"tags":[],"class_list":["post-7623","post","type-post","status-publish","format-standard","hentry","category-chroniques"],"yoast_head":"<!-- This site is optimized with the Yoast SEO plugin v27.1.1 - https:\/\/yoast.com\/product\/yoast-seo-wordpress\/ -->\r\n<title>Proc\u00e8s verbal d&#039;assembl\u00e9e g\u00e9n\u00e9rale 2019 du 9 novembre 2020 - Association pour la Recherche sur les S\u00e9quelles de la Radioth\u00e9rapie<\/title>\r\n<meta name=\"robots\" content=\"index, follow, max-snippet:-1, max-image-preview:large, max-video-preview:-1\" \/>\r\n<link rel=\"canonical\" href=\"https:\/\/resra.bruet.com\/fr\/proces-verbal-dassemblee-generale-2019\/\" \/>\r\n<meta property=\"og:locale\" content=\"fr_FR\" \/>\r\n<meta property=\"og:type\" content=\"article\" \/>\r\n<meta property=\"og:title\" content=\"Proc\u00e8s verbal d&#039;assembl\u00e9e g\u00e9n\u00e9rale 2019 du 9 novembre 2020 - Association pour la Recherche sur les S\u00e9quelles de la Radioth\u00e9rapie\" \/>\r\n<meta property=\"og:description\" content=\"&nbsp; www.arser.org Les membres de l\u2019Association ont \u00e9t\u00e9 convoqu\u00e9s par courrier \u00e9lectronique le 27\/ 10\/ 2020 Quarante adh\u00e9rents de l\u2019ARSER ont particip\u00e9 \u00e0 cette AG : 22 pr\u00e9sents et 18 repr\u00e9sent\u00e9s. L\u2019Assembl\u00e9e peut valablement d\u00e9lib\u00e9rer, dans le respect des statuts. La s\u00e9ance est ouverte en visioconf\u00e9rence \u00e0 14h30 (Zoom) La Pr\u00e9sidente, Pr Sylvie DELANIAN, souhaite &hellip; Continuer la lecture de &laquo;&nbsp;Proc\u00e8s verbal d&rsquo;assembl\u00e9e g\u00e9n\u00e9rale 2019 du 9 novembre 2020&nbsp;&raquo;\" \/>\r\n<meta property=\"og:url\" content=\"https:\/\/resra.bruet.com\/fr\/proces-verbal-dassemblee-generale-2019\/\" \/>\r\n<meta property=\"og:site_name\" content=\"Association pour la Recherche sur les S\u00e9quelles de la Radioth\u00e9rapie\" \/>\r\n<meta property=\"article:publisher\" content=\"https:\/\/www.facebook.com\/profile.php?id=100086562396208\" \/>\r\n<meta property=\"article:published_time\" content=\"2021-01-11T09:53:42+00:00\" \/>\r\n<meta property=\"article:modified_time\" content=\"2022-03-07T23:22:58+00:00\" \/>\r\n<meta name=\"author\" content=\"Sylvie Delanian\" \/>\r\n<meta name=\"twitter:card\" content=\"summary_large_image\" \/>\r\n<meta name=\"twitter:label1\" content=\"\u00c9crit par\" \/>\n\t<meta name=\"twitter:data1\" content=\"Sylvie Delanian\" \/>\n\t<meta name=\"twitter:label2\" content=\"Dur\u00e9e de lecture estim\u00e9e\" \/>\n\t<meta name=\"twitter:data2\" content=\"7 minutes\" \/>\r\n<script type=\"application\/ld+json\" class=\"yoast-schema-graph\">{\"@context\":\"https:\/\/schema.org\",\"@graph\":[{\"@type\":\"Article\",\"@id\":\"https:\/\/resra.bruet.com\/proces-verbal-dassemblee-generale-2019\/#article\",\"isPartOf\":{\"@id\":\"https:\/\/resra.bruet.com\/proces-verbal-dassemblee-generale-2019\/\"},\"author\":{\"name\":\"Sylvie Delanian\",\"@id\":\"https:\/\/resra.bruet.com\/#\/schema\/person\/b4f432e82c41d00e54032d5929d0e685\"},\"headline\":\"Proc\u00e8s verbal d&rsquo;assembl\u00e9e g\u00e9n\u00e9rale 2019 du 9 novembre 2020\",\"datePublished\":\"2021-01-11T09:53:42+00:00\",\"dateModified\":\"2022-03-07T23:22:58+00:00\",\"mainEntityOfPage\":{\"@id\":\"https:\/\/resra.bruet.com\/proces-verbal-dassemblee-generale-2019\/\"},\"wordCount\":1453,\"publisher\":{\"@id\":\"https:\/\/resra.bruet.com\/#organization\"},\"articleSection\":[\"Chroniques\"],\"inLanguage\":\"fr-FR\"},{\"@type\":\"WebPage\",\"@id\":\"https:\/\/resra.bruet.com\/fr\/proces-verbal-dassemblee-generale-2019\/\",\"url\":\"https:\/\/resra.bruet.com\/fr\/proces-verbal-dassemblee-generale-2019\/\",\"name\":\"Proc\u00e8s verbal d'assembl\u00e9e g\u00e9n\u00e9rale 2019 du 9 novembre 2020 - Association pour la Recherche sur les S\u00e9quelles de la Radioth\u00e9rapie\",\"isPartOf\":{\"@id\":\"https:\/\/resra.bruet.com\/fr\/#website\"},\"datePublished\":\"2021-01-11T09:53:42+00:00\",\"dateModified\":\"2022-03-07T23:22:58+00:00\",\"breadcrumb\":{\"@id\":\"https:\/\/resra.bruet.com\/fr\/proces-verbal-dassemblee-generale-2019\/#breadcrumb\"},\"inLanguage\":\"fr-FR\",\"potentialAction\":[{\"@type\":\"ReadAction\",\"target\":[[\"https:\/\/resra.bruet.com\/fr\/proces-verbal-dassemblee-generale-2019\/\"]]}]},{\"@type\":\"BreadcrumbList\",\"@id\":\"https:\/\/resra.bruet.com\/fr\/proces-verbal-dassemblee-generale-2019\/#breadcrumb\",\"itemListElement\":[{\"@type\":\"ListItem\",\"position\":1,\"name\":\"Accueil\",\"item\":\"https:\/\/resra.bruet.com\/fr\/\"},{\"@type\":\"ListItem\",\"position\":2,\"name\":\"Proc\u00e8s verbal d&rsquo;assembl\u00e9e g\u00e9n\u00e9rale 2019 du 9 novembre 2020\"}]},{\"@type\":\"WebSite\",\"@id\":\"https:\/\/resra.bruet.com\/fr\/#website\",\"url\":\"https:\/\/resra.bruet.com\/fr\/\",\"name\":\"Association pour la Recherche sur les S\u00e9quelles de la Radioth\u00e9rapie\",\"description\":\"Aider les patients ayant suivi une radioth\u00e9rapie \u00e0 en minimiser les s\u00e9quelles\",\"publisher\":{\"@id\":\"https:\/\/resra.bruet.com\/fr\/#organization\"},\"potentialAction\":[{\"@type\":\"SearchAction\",\"target\":{\"@type\":\"EntryPoint\",\"urlTemplate\":\"https:\/\/resra.bruet.com\/fr\/?s={search_term_string}\"},\"query-input\":{\"@type\":\"PropertyValueSpecification\",\"valueRequired\":true,\"valueName\":\"search_term_string\"}}],\"inLanguage\":\"fr-FR\"},{\"@type\":\"Organization\",\"@id\":\"https:\/\/resra.bruet.com\/fr\/#organization\",\"name\":\"Association pour la Recherche sur les S\u00e9quelles de la Radioth\u00e9rapie\",\"url\":\"https:\/\/resra.bruet.com\/fr\/\",\"logo\":{\"@type\":\"ImageObject\",\"inLanguage\":\"fr-FR\",\"@id\":\"https:\/\/resra.bruet.com\/fr\/#\/schema\/logo\/image\/\",\"url\":\"https:\/\/resra.bruet.com\/wp-content\/uploads\/2022\/03\/logo-Grand-ARSER-web-carre.jpg\",\"contentUrl\":\"https:\/\/resra.bruet.com\/wp-content\/uploads\/2022\/03\/logo-Grand-ARSER-web-carre.jpg\",\"width\":300,\"height\":300,\"caption\":\"Association pour la Recherche sur les S\u00e9quelles de la Radioth\u00e9rapie\"},\"image\":{\"@id\":\"https:\/\/resra.bruet.com\/fr\/#\/schema\/logo\/image\/\"},\"sameAs\":[\"https:\/\/www.facebook.com\/profile.php?id=100086562396208\"]},{\"@type\":\"Person\",\"@id\":\"https:\/\/resra.bruet.com\/#\/schema\/person\/b4f432e82c41d00e54032d5929d0e685\",\"name\":\"Sylvie Delanian\",\"image\":{\"@type\":\"ImageObject\",\"inLanguage\":\"fr-FR\",\"@id\":\"https:\/\/resra.bruet.com\/fr\/#\/schema\/person\/image\/\",\"url\":\"https:\/\/secure.gravatar.com\/avatar\/9d476aad62503e42d82fe0b2d7f86f9f1e8070ada00c9355ed80469cafd75dc5?s=96&d=blank&r=g\",\"contentUrl\":\"https:\/\/secure.gravatar.com\/avatar\/9d476aad62503e42d82fe0b2d7f86f9f1e8070ada00c9355ed80469cafd75dc5?s=96&d=blank&r=g\",\"caption\":\"Sylvie Delanian\"},\"url\":\"https:\/\/resra.bruet.com\/fr\/author\/dr-delanian-sylvie\/\"}]}<\/script>\r\n<!-- \/ Yoast SEO plugin. -->","yoast_head_json":{"title":"Proc\u00e8s verbal d'assembl\u00e9e g\u00e9n\u00e9rale 2019 du 9 novembre 2020 - Association pour la Recherche sur les S\u00e9quelles de la Radioth\u00e9rapie","robots":{"index":"index","follow":"follow","max-snippet":"max-snippet:-1","max-image-preview":"max-image-preview:large","max-video-preview":"max-video-preview:-1"},"canonical":"https:\/\/resra.bruet.com\/fr\/proces-verbal-dassemblee-generale-2019\/","og_locale":"fr_FR","og_type":"article","og_title":"Proc\u00e8s verbal d'assembl\u00e9e g\u00e9n\u00e9rale 2019 du 9 novembre 2020 - Association pour la Recherche sur les S\u00e9quelles de la Radioth\u00e9rapie","og_description":"&nbsp; www.arser.org Les membres de l\u2019Association ont \u00e9t\u00e9 convoqu\u00e9s par courrier \u00e9lectronique le 27\/ 10\/ 2020 Quarante adh\u00e9rents de l\u2019ARSER ont particip\u00e9 \u00e0 cette AG : 22 pr\u00e9sents et 18 repr\u00e9sent\u00e9s. L\u2019Assembl\u00e9e peut valablement d\u00e9lib\u00e9rer, dans le respect des statuts. La s\u00e9ance est ouverte en visioconf\u00e9rence \u00e0 14h30 (Zoom) La Pr\u00e9sidente, Pr Sylvie DELANIAN, souhaite &hellip; Continuer la lecture de &laquo;&nbsp;Proc\u00e8s verbal d&rsquo;assembl\u00e9e g\u00e9n\u00e9rale 2019 du 9 novembre 2020&nbsp;&raquo;","og_url":"https:\/\/resra.bruet.com\/fr\/proces-verbal-dassemblee-generale-2019\/","og_site_name":"Association pour la Recherche sur les S\u00e9quelles de la Radioth\u00e9rapie","article_publisher":"https:\/\/www.facebook.com\/profile.php?id=100086562396208","article_published_time":"2021-01-11T09:53:42+00:00","article_modified_time":"2022-03-07T23:22:58+00:00","author":"Sylvie Delanian","twitter_card":"summary_large_image","twitter_misc":{"\u00c9crit par":"Sylvie Delanian","Dur\u00e9e de lecture estim\u00e9e":"7 minutes"},"schema":{"@context":"https:\/\/schema.org","@graph":[{"@type":"Article","@id":"https:\/\/resra.bruet.com\/proces-verbal-dassemblee-generale-2019\/#article","isPartOf":{"@id":"https:\/\/resra.bruet.com\/proces-verbal-dassemblee-generale-2019\/"},"author":{"name":"Sylvie Delanian","@id":"https:\/\/resra.bruet.com\/#\/schema\/person\/b4f432e82c41d00e54032d5929d0e685"},"headline":"Proc\u00e8s verbal d&rsquo;assembl\u00e9e g\u00e9n\u00e9rale 2019 du 9 novembre 2020","datePublished":"2021-01-11T09:53:42+00:00","dateModified":"2022-03-07T23:22:58+00:00","mainEntityOfPage":{"@id":"https:\/\/resra.bruet.com\/proces-verbal-dassemblee-generale-2019\/"},"wordCount":1453,"publisher":{"@id":"https:\/\/resra.bruet.com\/#organization"},"articleSection":["Chroniques"],"inLanguage":"fr-FR"},{"@type":"WebPage","@id":"https:\/\/resra.bruet.com\/fr\/proces-verbal-dassemblee-generale-2019\/","url":"https:\/\/resra.bruet.com\/fr\/proces-verbal-dassemblee-generale-2019\/","name":"Proc\u00e8s verbal d'assembl\u00e9e g\u00e9n\u00e9rale 2019 du 9 novembre 2020 - Association pour la Recherche sur les S\u00e9quelles de la Radioth\u00e9rapie","isPartOf":{"@id":"https:\/\/resra.bruet.com\/fr\/#website"},"datePublished":"2021-01-11T09:53:42+00:00","dateModified":"2022-03-07T23:22:58+00:00","breadcrumb":{"@id":"https:\/\/resra.bruet.com\/fr\/proces-verbal-dassemblee-generale-2019\/#breadcrumb"},"inLanguage":"fr-FR","potentialAction":[{"@type":"ReadAction","target":[["https:\/\/resra.bruet.com\/fr\/proces-verbal-dassemblee-generale-2019\/"]]}]},{"@type":"BreadcrumbList","@id":"https:\/\/resra.bruet.com\/fr\/proces-verbal-dassemblee-generale-2019\/#breadcrumb","itemListElement":[{"@type":"ListItem","position":1,"name":"Accueil","item":"https:\/\/resra.bruet.com\/fr\/"},{"@type":"ListItem","position":2,"name":"Proc\u00e8s verbal d&rsquo;assembl\u00e9e g\u00e9n\u00e9rale 2019 du 9 novembre 2020"}]},{"@type":"WebSite","@id":"https:\/\/resra.bruet.com\/fr\/#website","url":"https:\/\/resra.bruet.com\/fr\/","name":"Association pour la Recherche sur les S\u00e9quelles de la Radioth\u00e9rapie","description":"Aider les patients ayant suivi une radioth\u00e9rapie \u00e0 en minimiser les s\u00e9quelles","publisher":{"@id":"https:\/\/resra.bruet.com\/fr\/#organization"},"potentialAction":[{"@type":"SearchAction","target":{"@type":"EntryPoint","urlTemplate":"https:\/\/resra.bruet.com\/fr\/?s={search_term_string}"},"query-input":{"@type":"PropertyValueSpecification","valueRequired":true,"valueName":"search_term_string"}}],"inLanguage":"fr-FR"},{"@type":"Organization","@id":"https:\/\/resra.bruet.com\/fr\/#organization","name":"Association pour la Recherche sur les S\u00e9quelles de la Radioth\u00e9rapie","url":"https:\/\/resra.bruet.com\/fr\/","logo":{"@type":"ImageObject","inLanguage":"fr-FR","@id":"https:\/\/resra.bruet.com\/fr\/#\/schema\/logo\/image\/","url":"https:\/\/resra.bruet.com\/wp-content\/uploads\/2022\/03\/logo-Grand-ARSER-web-carre.jpg","contentUrl":"https:\/\/resra.bruet.com\/wp-content\/uploads\/2022\/03\/logo-Grand-ARSER-web-carre.jpg","width":300,"height":300,"caption":"Association pour la Recherche sur les S\u00e9quelles de la Radioth\u00e9rapie"},"image":{"@id":"https:\/\/resra.bruet.com\/fr\/#\/schema\/logo\/image\/"},"sameAs":["https:\/\/www.facebook.com\/profile.php?id=100086562396208"]},{"@type":"Person","@id":"https:\/\/resra.bruet.com\/#\/schema\/person\/b4f432e82c41d00e54032d5929d0e685","name":"Sylvie Delanian","image":{"@type":"ImageObject","inLanguage":"fr-FR","@id":"https:\/\/resra.bruet.com\/fr\/#\/schema\/person\/image\/","url":"https:\/\/secure.gravatar.com\/avatar\/9d476aad62503e42d82fe0b2d7f86f9f1e8070ada00c9355ed80469cafd75dc5?s=96&d=blank&r=g","contentUrl":"https:\/\/secure.gravatar.com\/avatar\/9d476aad62503e42d82fe0b2d7f86f9f1e8070ada00c9355ed80469cafd75dc5?s=96&d=blank&r=g","caption":"Sylvie Delanian"},"url":"https:\/\/resra.bruet.com\/fr\/author\/dr-delanian-sylvie\/"}]}},"_links":{"self":[{"href":"https:\/\/resra.bruet.com\/fr\/wp-json\/wp\/v2\/posts\/7623","targetHints":{"allow":["GET"]}}],"collection":[{"href":"https:\/\/resra.bruet.com\/fr\/wp-json\/wp\/v2\/posts"}],"about":[{"href":"https:\/\/resra.bruet.com\/fr\/wp-json\/wp\/v2\/types\/post"}],"author":[{"embeddable":true,"href":"https:\/\/resra.bruet.com\/fr\/wp-json\/wp\/v2\/users\/45"}],"replies":[{"embeddable":true,"href":"https:\/\/resra.bruet.com\/fr\/wp-json\/wp\/v2\/comments?post=7623"}],"version-history":[{"count":6,"href":"https:\/\/resra.bruet.com\/fr\/wp-json\/wp\/v2\/posts\/7623\/revisions"}],"predecessor-version":[{"id":7654,"href":"https:\/\/resra.bruet.com\/fr\/wp-json\/wp\/v2\/posts\/7623\/revisions\/7654"}],"wp:attachment":[{"href":"https:\/\/resra.bruet.com\/fr\/wp-json\/wp\/v2\/media?parent=7623"}],"wp:term":[{"taxonomy":"category","embeddable":true,"href":"https:\/\/resra.bruet.com\/fr\/wp-json\/wp\/v2\/categories?post=7623"},{"taxonomy":"post_tag","embeddable":true,"href":"https:\/\/resra.bruet.com\/fr\/wp-json\/wp\/v2\/tags?post=7623"}],"curies":[{"name":"wp","href":"https:\/\/api.w.org\/{rel}","templated":true}]}}