{"id":71,"date":"2011-01-31T08:39:49","date_gmt":"2011-01-31T07:39:49","guid":{"rendered":"http:\/\/arser.org\/?p=71"},"modified":"2017-03-25T02:18:56","modified_gmt":"2017-03-25T01:18:56","slug":"diagnostic-des-complications-de-la-radiotherapie","status":"publish","type":"post","link":"https:\/\/resra.bruet.com\/fr\/diagnostic-des-complications-de-la-radiotherapie\/","title":{"rendered":"Diagnostic des complications de la radioth\u00e9rapie"},"content":{"rendered":"<p><em>Delanian Sylvie, Pradat Pierre-Fran\u00e7ois.<\/p>\n<p>Oncologie-Radioth\u00e9rapie, H\u00f4pital Saint-Louis, Assistance Publique-H\u00f4pitaux de Paris, Paris, France. \u00bb<\/em><\/p>\n<p>Cet article des Docteurs Sylvie Delanian et Pierre-Fran\u00e7ois Pradat, apporte un point de vue nouveau sur le diagnostic des complications de la radioth\u00e9rapie. Ce diagnostic est souvent port\u00e9 tardivement car il est difficile de faire le lien entre une radioth\u00e9rapie, pouvant remonter \u00e0 de nombreuses ann\u00e9es, et le tableau neurologique. Les auteurs ont mis au point une technique permettant de d\u00e9terminer pr\u00e9cis\u00e9ment en trois dimensions les portions du corps, et notamment du syst\u00e8me nerveux, qui ont re\u00e7u les doses les plus importantes de rayons. L\u2019apport de cette technique est illustr\u00e9 par un cas o\u00f9 la m\u00e9thode a permis de redresser un diagnostic initial erron\u00e9 de maladie neurod\u00e9g\u00e9n\u00e9rative (scl\u00e9rose lat\u00e9rale amyotrophique) et de conclure \u00e0 une complication de la radioth\u00e9rapie.<\/p>\n","protected":false},"excerpt":{"rendered":"<p>Delanian Sylvie, Pradat Pierre-Fran\u00e7ois. Oncologie-Radioth\u00e9rapie, H\u00f4pital Saint-Louis, Assistance Publique-H\u00f4pitaux de Paris, Paris, France. \u00bb Cet article des Docteurs Sylvie Delanian et Pierre-Fran\u00e7ois Pradat, apporte un point de vue nouveau sur le diagnostic des complications de la radioth\u00e9rapie. Ce diagnostic est souvent port\u00e9 tardivement car il est difficile de faire le lien entre une radioth\u00e9rapie, pouvant &hellip; <a href=\"https:\/\/resra.bruet.com\/fr\/diagnostic-des-complications-de-la-radiotherapie\/\" class=\"more-link\">Continuer la lecture<span class=\"screen-reader-text\"> de &laquo;&nbsp;Diagnostic des complications de la radioth\u00e9rapie&nbsp;&raquo;<\/span><\/a><\/p>\n","protected":false},"author":1,"featured_media":0,"comment_status":"closed","ping_status":"closed","sticky":false,"template":"","format":"standard","meta":{"_bbp_topic_count":0,"_bbp_reply_count":0,"_bbp_total_topic_count":0,"_bbp_total_reply_count":0,"_bbp_voice_count":0,"_bbp_anonymous_reply_count":0,"_bbp_topic_count_hidden":0,"_bbp_reply_count_hidden":0,"_bbp_forum_subforum_count":0,"footnotes":""},"categories":[6],"tags":[],"class_list":["post-71","post","type-post","status-publish","format-standard","hentry","category-articles"],"yoast_head":"<!-- This site is optimized with the Yoast SEO plugin v27.1.1 - https:\/\/yoast.com\/product\/yoast-seo-wordpress\/ -->\r\n<title>Diagnostic des complications de la radioth\u00e9rapie - Association pour la Recherche sur les S\u00e9quelles de la Radioth\u00e9rapie<\/title>\r\n<meta name=\"robots\" content=\"index, follow, max-snippet:-1, max-image-preview:large, max-video-preview:-1\" \/>\r\n<link rel=\"canonical\" href=\"https:\/\/resra.bruet.com\/fr\/diagnostic-des-complications-de-la-radiotherapie\/\" \/>\r\n<meta property=\"og:locale\" content=\"fr_FR\" \/>\r\n<meta property=\"og:type\" content=\"article\" \/>\r\n<meta property=\"og:title\" content=\"Diagnostic des complications de la radioth\u00e9rapie - Association pour la Recherche sur les S\u00e9quelles de la Radioth\u00e9rapie\" \/>\r\n<meta property=\"og:description\" content=\"Delanian Sylvie, Pradat Pierre-Fran\u00e7ois. Oncologie-Radioth\u00e9rapie, H\u00f4pital Saint-Louis, Assistance Publique-H\u00f4pitaux de Paris, Paris, France. \u00bb Cet article des Docteurs Sylvie Delanian et Pierre-Fran\u00e7ois Pradat, apporte un point de vue nouveau sur le diagnostic des complications de la radioth\u00e9rapie. Ce diagnostic est souvent port\u00e9 tardivement car il est difficile de faire le lien entre une radioth\u00e9rapie, pouvant &hellip; Continuer la lecture de &laquo;&nbsp;Diagnostic des complications de la radioth\u00e9rapie&nbsp;&raquo;\" \/>\r\n<meta property=\"og:url\" content=\"https:\/\/resra.bruet.com\/fr\/diagnostic-des-complications-de-la-radiotherapie\/\" \/>\r\n<meta property=\"og:site_name\" content=\"Association pour la Recherche sur les S\u00e9quelles de la Radioth\u00e9rapie\" \/>\r\n<meta property=\"article:publisher\" content=\"https:\/\/www.facebook.com\/profile.php?id=100086562396208\" \/>\r\n<meta property=\"article:published_time\" content=\"2011-01-31T07:39:49+00:00\" \/>\r\n<meta property=\"article:modified_time\" content=\"2017-03-25T01:18:56+00:00\" \/>\r\n<meta name=\"author\" content=\"adminC\" \/>\r\n<meta name=\"twitter:card\" content=\"summary_large_image\" \/>\r\n<meta name=\"twitter:label1\" content=\"\u00c9crit par\" \/>\n\t<meta name=\"twitter:data1\" content=\"adminC\" \/>\n\t<meta name=\"twitter:label2\" content=\"Dur\u00e9e de lecture estim\u00e9e\" \/>\n\t<meta name=\"twitter:data2\" content=\"1 minute\" \/>\r\n<script type=\"application\/ld+json\" class=\"yoast-schema-graph\">{\"@context\":\"https:\/\/schema.org\",\"@graph\":[{\"@type\":\"Article\",\"@id\":\"https:\/\/resra.bruet.com\/diagnostic-des-complications-de-la-radiotherapie\/#article\",\"isPartOf\":{\"@id\":\"https:\/\/resra.bruet.com\/diagnostic-des-complications-de-la-radiotherapie\/\"},\"author\":{\"name\":\"adminC\",\"@id\":\"https:\/\/resra.bruet.com\/#\/schema\/person\/bf85e76615ee71b054ca0af4ac792a84\"},\"headline\":\"Diagnostic des complications de la radioth\u00e9rapie\",\"datePublished\":\"2011-01-31T07:39:49+00:00\",\"dateModified\":\"2017-03-25T01:18:56+00:00\",\"mainEntityOfPage\":{\"@id\":\"https:\/\/resra.bruet.com\/diagnostic-des-complications-de-la-radiotherapie\/\"},\"wordCount\":158,\"publisher\":{\"@id\":\"https:\/\/resra.bruet.com\/#organization\"},\"articleSection\":[\"Articles\"],\"inLanguage\":\"fr-FR\"},{\"@type\":\"WebPage\",\"@id\":\"https:\/\/resra.bruet.com\/fr\/diagnostic-des-complications-de-la-radiotherapie\/\",\"url\":\"https:\/\/resra.bruet.com\/fr\/diagnostic-des-complications-de-la-radiotherapie\/\",\"name\":\"Diagnostic des complications de la radioth\u00e9rapie - Association pour la Recherche sur les S\u00e9quelles de la Radioth\u00e9rapie\",\"isPartOf\":{\"@id\":\"https:\/\/resra.bruet.com\/fr\/#website\"},\"datePublished\":\"2011-01-31T07:39:49+00:00\",\"dateModified\":\"2017-03-25T01:18:56+00:00\",\"breadcrumb\":{\"@id\":\"https:\/\/resra.bruet.com\/fr\/diagnostic-des-complications-de-la-radiotherapie\/#breadcrumb\"},\"inLanguage\":\"fr-FR\",\"potentialAction\":[{\"@type\":\"ReadAction\",\"target\":[[\"https:\/\/resra.bruet.com\/fr\/diagnostic-des-complications-de-la-radiotherapie\/\"]]}]},{\"@type\":\"BreadcrumbList\",\"@id\":\"https:\/\/resra.bruet.com\/fr\/diagnostic-des-complications-de-la-radiotherapie\/#breadcrumb\",\"itemListElement\":[{\"@type\":\"ListItem\",\"position\":1,\"name\":\"Accueil\",\"item\":\"https:\/\/resra.bruet.com\/fr\/\"},{\"@type\":\"ListItem\",\"position\":2,\"name\":\"Diagnostic des complications de la radioth\u00e9rapie\"}]},{\"@type\":\"WebSite\",\"@id\":\"https:\/\/resra.bruet.com\/fr\/#website\",\"url\":\"https:\/\/resra.bruet.com\/fr\/\",\"name\":\"Association pour la Recherche sur les S\u00e9quelles de la Radioth\u00e9rapie\",\"description\":\"Aider les patients ayant suivi une radioth\u00e9rapie \u00e0 en minimiser les s\u00e9quelles\",\"publisher\":{\"@id\":\"https:\/\/resra.bruet.com\/fr\/#organization\"},\"potentialAction\":[{\"@type\":\"SearchAction\",\"target\":{\"@type\":\"EntryPoint\",\"urlTemplate\":\"https:\/\/resra.bruet.com\/fr\/?s={search_term_string}\"},\"query-input\":{\"@type\":\"PropertyValueSpecification\",\"valueRequired\":true,\"valueName\":\"search_term_string\"}}],\"inLanguage\":\"fr-FR\"},{\"@type\":\"Organization\",\"@id\":\"https:\/\/resra.bruet.com\/fr\/#organization\",\"name\":\"Association pour la Recherche sur les S\u00e9quelles de la Radioth\u00e9rapie\",\"url\":\"https:\/\/resra.bruet.com\/fr\/\",\"logo\":{\"@type\":\"ImageObject\",\"inLanguage\":\"fr-FR\",\"@id\":\"https:\/\/resra.bruet.com\/fr\/#\/schema\/logo\/image\/\",\"url\":\"https:\/\/resra.bruet.com\/wp-content\/uploads\/2022\/03\/logo-Grand-ARSER-web-carre.jpg\",\"contentUrl\":\"https:\/\/resra.bruet.com\/wp-content\/uploads\/2022\/03\/logo-Grand-ARSER-web-carre.jpg\",\"width\":300,\"height\":300,\"caption\":\"Association pour la Recherche sur les S\u00e9quelles de la Radioth\u00e9rapie\"},\"image\":{\"@id\":\"https:\/\/resra.bruet.com\/fr\/#\/schema\/logo\/image\/\"},\"sameAs\":[\"https:\/\/www.facebook.com\/profile.php?id=100086562396208\"]},{\"@type\":\"Person\",\"@id\":\"https:\/\/resra.bruet.com\/#\/schema\/person\/bf85e76615ee71b054ca0af4ac792a84\",\"name\":\"adminC\",\"image\":{\"@type\":\"ImageObject\",\"inLanguage\":\"fr-FR\",\"@id\":\"https:\/\/resra.bruet.com\/fr\/#\/schema\/person\/image\/\",\"url\":\"https:\/\/secure.gravatar.com\/avatar\/15fa25f064ea0f6cd4b5084949f109494363c688305276a8091d028dba8016b9?s=96&d=blank&r=g\",\"contentUrl\":\"https:\/\/secure.gravatar.com\/avatar\/15fa25f064ea0f6cd4b5084949f109494363c688305276a8091d028dba8016b9?s=96&d=blank&r=g\",\"caption\":\"adminC\"},\"url\":\"https:\/\/resra.bruet.com\/fr\/author\/admichris64\/\"}]}<\/script>\r\n<!-- \/ Yoast SEO plugin. -->","yoast_head_json":{"title":"Diagnostic des complications de la radioth\u00e9rapie - Association pour la Recherche sur les S\u00e9quelles de la Radioth\u00e9rapie","robots":{"index":"index","follow":"follow","max-snippet":"max-snippet:-1","max-image-preview":"max-image-preview:large","max-video-preview":"max-video-preview:-1"},"canonical":"https:\/\/resra.bruet.com\/fr\/diagnostic-des-complications-de-la-radiotherapie\/","og_locale":"fr_FR","og_type":"article","og_title":"Diagnostic des complications de la radioth\u00e9rapie - Association pour la Recherche sur les S\u00e9quelles de la Radioth\u00e9rapie","og_description":"Delanian Sylvie, Pradat Pierre-Fran\u00e7ois. Oncologie-Radioth\u00e9rapie, H\u00f4pital Saint-Louis, Assistance Publique-H\u00f4pitaux de Paris, Paris, France. \u00bb Cet article des Docteurs Sylvie Delanian et Pierre-Fran\u00e7ois Pradat, apporte un point de vue nouveau sur le diagnostic des complications de la radioth\u00e9rapie. Ce diagnostic est souvent port\u00e9 tardivement car il est difficile de faire le lien entre une radioth\u00e9rapie, pouvant &hellip; Continuer la lecture de &laquo;&nbsp;Diagnostic des complications de la radioth\u00e9rapie&nbsp;&raquo;","og_url":"https:\/\/resra.bruet.com\/fr\/diagnostic-des-complications-de-la-radiotherapie\/","og_site_name":"Association pour la Recherche sur les S\u00e9quelles de la Radioth\u00e9rapie","article_publisher":"https:\/\/www.facebook.com\/profile.php?id=100086562396208","article_published_time":"2011-01-31T07:39:49+00:00","article_modified_time":"2017-03-25T01:18:56+00:00","author":"adminC","twitter_card":"summary_large_image","twitter_misc":{"\u00c9crit par":"adminC","Dur\u00e9e de lecture estim\u00e9e":"1 minute"},"schema":{"@context":"https:\/\/schema.org","@graph":[{"@type":"Article","@id":"https:\/\/resra.bruet.com\/diagnostic-des-complications-de-la-radiotherapie\/#article","isPartOf":{"@id":"https:\/\/resra.bruet.com\/diagnostic-des-complications-de-la-radiotherapie\/"},"author":{"name":"adminC","@id":"https:\/\/resra.bruet.com\/#\/schema\/person\/bf85e76615ee71b054ca0af4ac792a84"},"headline":"Diagnostic des complications de la radioth\u00e9rapie","datePublished":"2011-01-31T07:39:49+00:00","dateModified":"2017-03-25T01:18:56+00:00","mainEntityOfPage":{"@id":"https:\/\/resra.bruet.com\/diagnostic-des-complications-de-la-radiotherapie\/"},"wordCount":158,"publisher":{"@id":"https:\/\/resra.bruet.com\/#organization"},"articleSection":["Articles"],"inLanguage":"fr-FR"},{"@type":"WebPage","@id":"https:\/\/resra.bruet.com\/fr\/diagnostic-des-complications-de-la-radiotherapie\/","url":"https:\/\/resra.bruet.com\/fr\/diagnostic-des-complications-de-la-radiotherapie\/","name":"Diagnostic des complications de la radioth\u00e9rapie - Association pour la Recherche sur les S\u00e9quelles de la Radioth\u00e9rapie","isPartOf":{"@id":"https:\/\/resra.bruet.com\/fr\/#website"},"datePublished":"2011-01-31T07:39:49+00:00","dateModified":"2017-03-25T01:18:56+00:00","breadcrumb":{"@id":"https:\/\/resra.bruet.com\/fr\/diagnostic-des-complications-de-la-radiotherapie\/#breadcrumb"},"inLanguage":"fr-FR","potentialAction":[{"@type":"ReadAction","target":[["https:\/\/resra.bruet.com\/fr\/diagnostic-des-complications-de-la-radiotherapie\/"]]}]},{"@type":"BreadcrumbList","@id":"https:\/\/resra.bruet.com\/fr\/diagnostic-des-complications-de-la-radiotherapie\/#breadcrumb","itemListElement":[{"@type":"ListItem","position":1,"name":"Accueil","item":"https:\/\/resra.bruet.com\/fr\/"},{"@type":"ListItem","position":2,"name":"Diagnostic des complications de la radioth\u00e9rapie"}]},{"@type":"WebSite","@id":"https:\/\/resra.bruet.com\/fr\/#website","url":"https:\/\/resra.bruet.com\/fr\/","name":"Association pour la Recherche sur les S\u00e9quelles de la Radioth\u00e9rapie","description":"Aider les patients ayant suivi une radioth\u00e9rapie \u00e0 en minimiser les s\u00e9quelles","publisher":{"@id":"https:\/\/resra.bruet.com\/fr\/#organization"},"potentialAction":[{"@type":"SearchAction","target":{"@type":"EntryPoint","urlTemplate":"https:\/\/resra.bruet.com\/fr\/?s={search_term_string}"},"query-input":{"@type":"PropertyValueSpecification","valueRequired":true,"valueName":"search_term_string"}}],"inLanguage":"fr-FR"},{"@type":"Organization","@id":"https:\/\/resra.bruet.com\/fr\/#organization","name":"Association pour la Recherche sur les S\u00e9quelles de la Radioth\u00e9rapie","url":"https:\/\/resra.bruet.com\/fr\/","logo":{"@type":"ImageObject","inLanguage":"fr-FR","@id":"https:\/\/resra.bruet.com\/fr\/#\/schema\/logo\/image\/","url":"https:\/\/resra.bruet.com\/wp-content\/uploads\/2022\/03\/logo-Grand-ARSER-web-carre.jpg","contentUrl":"https:\/\/resra.bruet.com\/wp-content\/uploads\/2022\/03\/logo-Grand-ARSER-web-carre.jpg","width":300,"height":300,"caption":"Association pour la Recherche sur les S\u00e9quelles de la Radioth\u00e9rapie"},"image":{"@id":"https:\/\/resra.bruet.com\/fr\/#\/schema\/logo\/image\/"},"sameAs":["https:\/\/www.facebook.com\/profile.php?id=100086562396208"]},{"@type":"Person","@id":"https:\/\/resra.bruet.com\/#\/schema\/person\/bf85e76615ee71b054ca0af4ac792a84","name":"adminC","image":{"@type":"ImageObject","inLanguage":"fr-FR","@id":"https:\/\/resra.bruet.com\/fr\/#\/schema\/person\/image\/","url":"https:\/\/secure.gravatar.com\/avatar\/15fa25f064ea0f6cd4b5084949f109494363c688305276a8091d028dba8016b9?s=96&d=blank&r=g","contentUrl":"https:\/\/secure.gravatar.com\/avatar\/15fa25f064ea0f6cd4b5084949f109494363c688305276a8091d028dba8016b9?s=96&d=blank&r=g","caption":"adminC"},"url":"https:\/\/resra.bruet.com\/fr\/author\/admichris64\/"}]}},"_links":{"self":[{"href":"https:\/\/resra.bruet.com\/fr\/wp-json\/wp\/v2\/posts\/71","targetHints":{"allow":["GET"]}}],"collection":[{"href":"https:\/\/resra.bruet.com\/fr\/wp-json\/wp\/v2\/posts"}],"about":[{"href":"https:\/\/resra.bruet.com\/fr\/wp-json\/wp\/v2\/types\/post"}],"author":[{"embeddable":true,"href":"https:\/\/resra.bruet.com\/fr\/wp-json\/wp\/v2\/users\/1"}],"replies":[{"embeddable":true,"href":"https:\/\/resra.bruet.com\/fr\/wp-json\/wp\/v2\/comments?post=71"}],"version-history":[{"count":2,"href":"https:\/\/resra.bruet.com\/fr\/wp-json\/wp\/v2\/posts\/71\/revisions"}],"predecessor-version":[{"id":1210,"href":"https:\/\/resra.bruet.com\/fr\/wp-json\/wp\/v2\/posts\/71\/revisions\/1210"}],"wp:attachment":[{"href":"https:\/\/resra.bruet.com\/fr\/wp-json\/wp\/v2\/media?parent=71"}],"wp:term":[{"taxonomy":"category","embeddable":true,"href":"https:\/\/resra.bruet.com\/fr\/wp-json\/wp\/v2\/categories?post=71"},{"taxonomy":"post_tag","embeddable":true,"href":"https:\/\/resra.bruet.com\/fr\/wp-json\/wp\/v2\/tags?post=71"}],"curies":[{"name":"wp","href":"https:\/\/api.w.org\/{rel}","templated":true}]}}