{"id":69,"date":"2013-12-09T08:39:20","date_gmt":"2013-12-09T07:39:20","guid":{"rendered":"http:\/\/arser.org\/?p=69"},"modified":"2017-03-25T01:44:22","modified_gmt":"2017-03-25T00:44:22","slug":"en-marche-vers-une-radiotherapie-sans-sequelle","status":"publish","type":"post","link":"https:\/\/resra.bruet.com\/fr\/en-marche-vers-une-radiotherapie-sans-sequelle\/","title":{"rendered":"En marche vers une radioth\u00e9rapie sans s\u00e9quelle ?"},"content":{"rendered":"<p><em>Dr Marie-Catherine VOZENIN, PhD. Directeur du Laboratoire de Recherche en Radio-Oncologie. CHUV de Lausanne, Suisse.<\/em><\/p>\n<p>Ces derni\u00e8res d\u00e9cennies ont permis l\u2019\u00e9mergence de traitements tr\u00e8s efficaces contre le Cancer avec aujourd\u2019hui une survie tr\u00e8s longue de patients trait\u00e9s et gu\u00e9ris du cancer. Ces patients dits \u00ab longs-survivants \u00bb se trouvent alors potentiellement confront\u00e9s \u00e0 des s\u00e9quelles induites par les traitements qui comprennent la chirurgie, la radioth\u00e9rapie, la chimioth\u00e9rapie, l\u2019hormonoth\u00e9rapie, et maintenant les th\u00e9rapeutiques cibl\u00e9es. <\/p>\n<p>Ces s\u00e9quelles par d\u00e9finition \u00ab non canc\u00e9reuses \u00bb peuvent affecter de mani\u00e8re significative la qualit\u00e9 de vie et sont encore trop souvent non ou mal diagnostiqu\u00e9es, mal \u00e9valu\u00e9es et consid\u00e9r\u00e9es comme incurables, voire comme un moindre mal. Pourtant, cette question va modifier la vie de ceux qui en sont touch\u00e9s. Eviter les s\u00e9quelles de la radioth\u00e9rapie, tout en d\u00e9truisant le cancer, a toujours \u00e9t\u00e9 la pr\u00e9occupation des Oncologues Radioth\u00e9rapeutes. <\/p>\n<p>Ainsi d\u00e8s le d\u00e9but de la radioth\u00e9rapie il y a plus d\u2019un si\u00e8cle maintenant, les pionniers ont cherch\u00e9 \u00e0 d\u00e9velopper l\u2019effet diff\u00e9rentiel induit par la radioth\u00e9rapie : c\u2019est-\u00e0-dire le moyen pour d\u00e9truire une tumeur maligne tout en prot\u00e9geant les tissus sains voisins. Ce souci a conduit \u00e0 administrer la radioth\u00e9rapie \u00e9tal\u00e9e et fractionn\u00e9e en plusieurs s\u00e9ances de fraction quotidienne de 2 Gy plut\u00f4t qu\u2019une s\u00e9ance unique. <\/p>\n<p>Aujourd\u2019hui les am\u00e9liorations apport\u00e9es par la physique m\u00e9dicale et l\u2019imagerie permettent d\u2019exploiter au mieux cet effet diff\u00e9rentiel. Cependant, ce potentiel d\u2019am\u00e9lioration par la technologie a atteint ses limites g\u00e9n\u00e9rant un r\u00e9sultat insatisfaisant pour les patients. De nouvelles approches ont \u00e9t\u00e9 envisag\u00e9es et n\u00e9cessitent une recherche active en Radiobiologie. <\/p>\n<p>En France et en Europe, cette recherche est peu soutenue ; c\u2019est un domaine m\u00e9connu et sans doute assez peu rentable au niveau industriel : ainsi, de petits groupes de chercheurs et m\u00e9decins motiv\u00e9s et innovants travaillent en collaboration forte. Plusieurs nouvelles strat\u00e9gies sont en d\u00e9veloppement ou en cours de validation dans le cadre de programme de recherche exp\u00e9rimentaux :<br \/>\n   Certains groupes de chercheurs travaillent sur la mise au point de tests pr\u00e9dictifs qui permettraient une s\u00e9lection plus pr\u00e9cise et adapt\u00e9e de la radioth\u00e9rapie en fonction de la radiosensibilit\u00e9 de chaque patient.<br \/>\n   D\u2019autres chercheurs envisagent de modifier compl\u00e8tement les modalit\u00e9s d\u2019administration des rayons pour augmenter l\u2019effet diff\u00e9rentiel.<br \/>\n   D\u2019autres encore proposent des traitements \u00e0 base de cellules souches qui permettraient de r\u00e9g\u00e9n\u00e9rer l\u2019organe d\u00e9ficient.<br \/>\n   Enfin certains ont \u00e9tudi\u00e9s les m\u00e9canismes qui conduisent aux s\u00e9quelles et ont pu les bloquer voire r\u00e9duire avec des m\u00e9dicaments. Les preuves formelles de leur efficacit\u00e9 sont en cours dans le cadre d\u2019essais th\u00e9rapeutiques r\u00e9glement\u00e9s. <\/p>\n<p>Ces nouvelles pistes sont porteuses d\u2019espoir, mais souvent tr\u00e8s longues \u00e0 mettre en place et valider. Un soutien fort des \u00e9quipes de recherche comp\u00e9tentes dans ce domaine est ainsi indispensable dans les prochaines ann\u00e9es. De plus la formation de jeunes chercheurs et m\u00e9decins sensibilis\u00e9s \u00e0 ces questions est essentielle pour faire aboutir ces efforts et nouveaux traitements \u00e0 la disposition des patients.<\/p>\n","protected":false},"excerpt":{"rendered":"<p>Dr Marie-Catherine VOZENIN, PhD. Directeur du Laboratoire de Recherche en Radio-Oncologie. CHUV de Lausanne, Suisse. Ces derni\u00e8res d\u00e9cennies ont permis l\u2019\u00e9mergence de traitements tr\u00e8s efficaces contre le Cancer avec aujourd\u2019hui une survie tr\u00e8s longue de patients trait\u00e9s et gu\u00e9ris du cancer. Ces patients dits \u00ab longs-survivants \u00bb se trouvent alors potentiellement confront\u00e9s \u00e0 des s\u00e9quelles &hellip; <a href=\"https:\/\/resra.bruet.com\/fr\/en-marche-vers-une-radiotherapie-sans-sequelle\/\" class=\"more-link\">Continuer la lecture<span class=\"screen-reader-text\"> de &laquo;&nbsp;En marche vers une radioth\u00e9rapie sans s\u00e9quelle ?&nbsp;&raquo;<\/span><\/a><\/p>\n","protected":false},"author":1,"featured_media":0,"comment_status":"closed","ping_status":"closed","sticky":false,"template":"","format":"standard","meta":{"_bbp_topic_count":0,"_bbp_reply_count":0,"_bbp_total_topic_count":0,"_bbp_total_reply_count":0,"_bbp_voice_count":0,"_bbp_anonymous_reply_count":0,"_bbp_topic_count_hidden":0,"_bbp_reply_count_hidden":0,"_bbp_forum_subforum_count":0,"footnotes":""},"categories":[6],"tags":[],"class_list":["post-69","post","type-post","status-publish","format-standard","hentry","category-articles"],"yoast_head":"<!-- This site is optimized with the Yoast SEO plugin v27.1.1 - https:\/\/yoast.com\/product\/yoast-seo-wordpress\/ -->\r\n<title>En marche vers une radioth\u00e9rapie sans s\u00e9quelle ? - Association pour la Recherche sur les S\u00e9quelles de la Radioth\u00e9rapie<\/title>\r\n<meta name=\"robots\" content=\"index, follow, max-snippet:-1, max-image-preview:large, max-video-preview:-1\" \/>\r\n<link rel=\"canonical\" href=\"https:\/\/resra.bruet.com\/fr\/en-marche-vers-une-radiotherapie-sans-sequelle\/\" \/>\r\n<meta property=\"og:locale\" content=\"fr_FR\" \/>\r\n<meta property=\"og:type\" content=\"article\" \/>\r\n<meta property=\"og:title\" content=\"En marche vers une radioth\u00e9rapie sans s\u00e9quelle ? - Association pour la Recherche sur les S\u00e9quelles de la Radioth\u00e9rapie\" \/>\r\n<meta property=\"og:description\" content=\"Dr Marie-Catherine VOZENIN, PhD. Directeur du Laboratoire de Recherche en Radio-Oncologie. CHUV de Lausanne, Suisse. Ces derni\u00e8res d\u00e9cennies ont permis l\u2019\u00e9mergence de traitements tr\u00e8s efficaces contre le Cancer avec aujourd\u2019hui une survie tr\u00e8s longue de patients trait\u00e9s et gu\u00e9ris du cancer. Ces patients dits \u00ab longs-survivants \u00bb se trouvent alors potentiellement confront\u00e9s \u00e0 des s\u00e9quelles &hellip; Continuer la lecture de &laquo;&nbsp;En marche vers une radioth\u00e9rapie sans s\u00e9quelle ?&nbsp;&raquo;\" \/>\r\n<meta property=\"og:url\" content=\"https:\/\/resra.bruet.com\/fr\/en-marche-vers-une-radiotherapie-sans-sequelle\/\" \/>\r\n<meta property=\"og:site_name\" content=\"Association pour la Recherche sur les S\u00e9quelles de la Radioth\u00e9rapie\" \/>\r\n<meta property=\"article:publisher\" content=\"https:\/\/www.facebook.com\/profile.php?id=100086562396208\" \/>\r\n<meta property=\"article:published_time\" content=\"2013-12-09T07:39:20+00:00\" \/>\r\n<meta property=\"article:modified_time\" content=\"2017-03-25T00:44:22+00:00\" \/>\r\n<meta name=\"author\" content=\"adminC\" \/>\r\n<meta name=\"twitter:card\" content=\"summary_large_image\" \/>\r\n<meta name=\"twitter:label1\" content=\"\u00c9crit par\" \/>\n\t<meta name=\"twitter:data1\" content=\"adminC\" \/>\n\t<meta name=\"twitter:label2\" content=\"Dur\u00e9e de lecture estim\u00e9e\" \/>\n\t<meta name=\"twitter:data2\" content=\"3 minutes\" \/>\r\n<script type=\"application\/ld+json\" class=\"yoast-schema-graph\">{\"@context\":\"https:\/\/schema.org\",\"@graph\":[{\"@type\":\"Article\",\"@id\":\"https:\/\/resra.bruet.com\/en-marche-vers-une-radiotherapie-sans-sequelle\/#article\",\"isPartOf\":{\"@id\":\"https:\/\/resra.bruet.com\/en-marche-vers-une-radiotherapie-sans-sequelle\/\"},\"author\":{\"name\":\"adminC\",\"@id\":\"https:\/\/resra.bruet.com\/#\/schema\/person\/bf85e76615ee71b054ca0af4ac792a84\"},\"headline\":\"En marche vers une radioth\u00e9rapie sans s\u00e9quelle ?\",\"datePublished\":\"2013-12-09T07:39:20+00:00\",\"dateModified\":\"2017-03-25T00:44:22+00:00\",\"mainEntityOfPage\":{\"@id\":\"https:\/\/resra.bruet.com\/en-marche-vers-une-radiotherapie-sans-sequelle\/\"},\"wordCount\":572,\"publisher\":{\"@id\":\"https:\/\/resra.bruet.com\/#organization\"},\"articleSection\":[\"Articles\"],\"inLanguage\":\"fr-FR\"},{\"@type\":\"WebPage\",\"@id\":\"https:\/\/resra.bruet.com\/fr\/en-marche-vers-une-radiotherapie-sans-sequelle\/\",\"url\":\"https:\/\/resra.bruet.com\/fr\/en-marche-vers-une-radiotherapie-sans-sequelle\/\",\"name\":\"En marche vers une radioth\u00e9rapie sans s\u00e9quelle ? - Association pour la Recherche sur les S\u00e9quelles de la Radioth\u00e9rapie\",\"isPartOf\":{\"@id\":\"https:\/\/resra.bruet.com\/fr\/#website\"},\"datePublished\":\"2013-12-09T07:39:20+00:00\",\"dateModified\":\"2017-03-25T00:44:22+00:00\",\"breadcrumb\":{\"@id\":\"https:\/\/resra.bruet.com\/fr\/en-marche-vers-une-radiotherapie-sans-sequelle\/#breadcrumb\"},\"inLanguage\":\"fr-FR\",\"potentialAction\":[{\"@type\":\"ReadAction\",\"target\":[[\"https:\/\/resra.bruet.com\/fr\/en-marche-vers-une-radiotherapie-sans-sequelle\/\"]]}]},{\"@type\":\"BreadcrumbList\",\"@id\":\"https:\/\/resra.bruet.com\/fr\/en-marche-vers-une-radiotherapie-sans-sequelle\/#breadcrumb\",\"itemListElement\":[{\"@type\":\"ListItem\",\"position\":1,\"name\":\"Accueil\",\"item\":\"https:\/\/resra.bruet.com\/fr\/\"},{\"@type\":\"ListItem\",\"position\":2,\"name\":\"En marche vers une radioth\u00e9rapie sans s\u00e9quelle ?\"}]},{\"@type\":\"WebSite\",\"@id\":\"https:\/\/resra.bruet.com\/fr\/#website\",\"url\":\"https:\/\/resra.bruet.com\/fr\/\",\"name\":\"Association pour la Recherche sur les S\u00e9quelles de la Radioth\u00e9rapie\",\"description\":\"Aider les patients ayant suivi une radioth\u00e9rapie \u00e0 en minimiser les s\u00e9quelles\",\"publisher\":{\"@id\":\"https:\/\/resra.bruet.com\/fr\/#organization\"},\"potentialAction\":[{\"@type\":\"SearchAction\",\"target\":{\"@type\":\"EntryPoint\",\"urlTemplate\":\"https:\/\/resra.bruet.com\/fr\/?s={search_term_string}\"},\"query-input\":{\"@type\":\"PropertyValueSpecification\",\"valueRequired\":true,\"valueName\":\"search_term_string\"}}],\"inLanguage\":\"fr-FR\"},{\"@type\":\"Organization\",\"@id\":\"https:\/\/resra.bruet.com\/fr\/#organization\",\"name\":\"Association pour la Recherche sur les S\u00e9quelles de la Radioth\u00e9rapie\",\"url\":\"https:\/\/resra.bruet.com\/fr\/\",\"logo\":{\"@type\":\"ImageObject\",\"inLanguage\":\"fr-FR\",\"@id\":\"https:\/\/resra.bruet.com\/fr\/#\/schema\/logo\/image\/\",\"url\":\"https:\/\/resra.bruet.com\/wp-content\/uploads\/2022\/03\/logo-Grand-ARSER-web-carre.jpg\",\"contentUrl\":\"https:\/\/resra.bruet.com\/wp-content\/uploads\/2022\/03\/logo-Grand-ARSER-web-carre.jpg\",\"width\":300,\"height\":300,\"caption\":\"Association pour la Recherche sur les S\u00e9quelles de la Radioth\u00e9rapie\"},\"image\":{\"@id\":\"https:\/\/resra.bruet.com\/fr\/#\/schema\/logo\/image\/\"},\"sameAs\":[\"https:\/\/www.facebook.com\/profile.php?id=100086562396208\"]},{\"@type\":\"Person\",\"@id\":\"https:\/\/resra.bruet.com\/#\/schema\/person\/bf85e76615ee71b054ca0af4ac792a84\",\"name\":\"adminC\",\"image\":{\"@type\":\"ImageObject\",\"inLanguage\":\"fr-FR\",\"@id\":\"https:\/\/resra.bruet.com\/fr\/#\/schema\/person\/image\/\",\"url\":\"https:\/\/secure.gravatar.com\/avatar\/15fa25f064ea0f6cd4b5084949f109494363c688305276a8091d028dba8016b9?s=96&d=blank&r=g\",\"contentUrl\":\"https:\/\/secure.gravatar.com\/avatar\/15fa25f064ea0f6cd4b5084949f109494363c688305276a8091d028dba8016b9?s=96&d=blank&r=g\",\"caption\":\"adminC\"},\"url\":\"https:\/\/resra.bruet.com\/fr\/author\/admichris64\/\"}]}<\/script>\r\n<!-- \/ Yoast SEO plugin. -->","yoast_head_json":{"title":"En marche vers une radioth\u00e9rapie sans s\u00e9quelle ? - Association pour la Recherche sur les S\u00e9quelles de la Radioth\u00e9rapie","robots":{"index":"index","follow":"follow","max-snippet":"max-snippet:-1","max-image-preview":"max-image-preview:large","max-video-preview":"max-video-preview:-1"},"canonical":"https:\/\/resra.bruet.com\/fr\/en-marche-vers-une-radiotherapie-sans-sequelle\/","og_locale":"fr_FR","og_type":"article","og_title":"En marche vers une radioth\u00e9rapie sans s\u00e9quelle ? - Association pour la Recherche sur les S\u00e9quelles de la Radioth\u00e9rapie","og_description":"Dr Marie-Catherine VOZENIN, PhD. Directeur du Laboratoire de Recherche en Radio-Oncologie. CHUV de Lausanne, Suisse. Ces derni\u00e8res d\u00e9cennies ont permis l\u2019\u00e9mergence de traitements tr\u00e8s efficaces contre le Cancer avec aujourd\u2019hui une survie tr\u00e8s longue de patients trait\u00e9s et gu\u00e9ris du cancer. Ces patients dits \u00ab longs-survivants \u00bb se trouvent alors potentiellement confront\u00e9s \u00e0 des s\u00e9quelles &hellip; Continuer la lecture de &laquo;&nbsp;En marche vers une radioth\u00e9rapie sans s\u00e9quelle ?&nbsp;&raquo;","og_url":"https:\/\/resra.bruet.com\/fr\/en-marche-vers-une-radiotherapie-sans-sequelle\/","og_site_name":"Association pour la Recherche sur les S\u00e9quelles de la Radioth\u00e9rapie","article_publisher":"https:\/\/www.facebook.com\/profile.php?id=100086562396208","article_published_time":"2013-12-09T07:39:20+00:00","article_modified_time":"2017-03-25T00:44:22+00:00","author":"adminC","twitter_card":"summary_large_image","twitter_misc":{"\u00c9crit par":"adminC","Dur\u00e9e de lecture estim\u00e9e":"3 minutes"},"schema":{"@context":"https:\/\/schema.org","@graph":[{"@type":"Article","@id":"https:\/\/resra.bruet.com\/en-marche-vers-une-radiotherapie-sans-sequelle\/#article","isPartOf":{"@id":"https:\/\/resra.bruet.com\/en-marche-vers-une-radiotherapie-sans-sequelle\/"},"author":{"name":"adminC","@id":"https:\/\/resra.bruet.com\/#\/schema\/person\/bf85e76615ee71b054ca0af4ac792a84"},"headline":"En marche vers une radioth\u00e9rapie sans s\u00e9quelle ?","datePublished":"2013-12-09T07:39:20+00:00","dateModified":"2017-03-25T00:44:22+00:00","mainEntityOfPage":{"@id":"https:\/\/resra.bruet.com\/en-marche-vers-une-radiotherapie-sans-sequelle\/"},"wordCount":572,"publisher":{"@id":"https:\/\/resra.bruet.com\/#organization"},"articleSection":["Articles"],"inLanguage":"fr-FR"},{"@type":"WebPage","@id":"https:\/\/resra.bruet.com\/fr\/en-marche-vers-une-radiotherapie-sans-sequelle\/","url":"https:\/\/resra.bruet.com\/fr\/en-marche-vers-une-radiotherapie-sans-sequelle\/","name":"En marche vers une radioth\u00e9rapie sans s\u00e9quelle ? - Association pour la Recherche sur les S\u00e9quelles de la Radioth\u00e9rapie","isPartOf":{"@id":"https:\/\/resra.bruet.com\/fr\/#website"},"datePublished":"2013-12-09T07:39:20+00:00","dateModified":"2017-03-25T00:44:22+00:00","breadcrumb":{"@id":"https:\/\/resra.bruet.com\/fr\/en-marche-vers-une-radiotherapie-sans-sequelle\/#breadcrumb"},"inLanguage":"fr-FR","potentialAction":[{"@type":"ReadAction","target":[["https:\/\/resra.bruet.com\/fr\/en-marche-vers-une-radiotherapie-sans-sequelle\/"]]}]},{"@type":"BreadcrumbList","@id":"https:\/\/resra.bruet.com\/fr\/en-marche-vers-une-radiotherapie-sans-sequelle\/#breadcrumb","itemListElement":[{"@type":"ListItem","position":1,"name":"Accueil","item":"https:\/\/resra.bruet.com\/fr\/"},{"@type":"ListItem","position":2,"name":"En marche vers une radioth\u00e9rapie sans s\u00e9quelle ?"}]},{"@type":"WebSite","@id":"https:\/\/resra.bruet.com\/fr\/#website","url":"https:\/\/resra.bruet.com\/fr\/","name":"Association pour la Recherche sur les S\u00e9quelles de la Radioth\u00e9rapie","description":"Aider les patients ayant suivi une radioth\u00e9rapie \u00e0 en minimiser les s\u00e9quelles","publisher":{"@id":"https:\/\/resra.bruet.com\/fr\/#organization"},"potentialAction":[{"@type":"SearchAction","target":{"@type":"EntryPoint","urlTemplate":"https:\/\/resra.bruet.com\/fr\/?s={search_term_string}"},"query-input":{"@type":"PropertyValueSpecification","valueRequired":true,"valueName":"search_term_string"}}],"inLanguage":"fr-FR"},{"@type":"Organization","@id":"https:\/\/resra.bruet.com\/fr\/#organization","name":"Association pour la Recherche sur les S\u00e9quelles de la Radioth\u00e9rapie","url":"https:\/\/resra.bruet.com\/fr\/","logo":{"@type":"ImageObject","inLanguage":"fr-FR","@id":"https:\/\/resra.bruet.com\/fr\/#\/schema\/logo\/image\/","url":"https:\/\/resra.bruet.com\/wp-content\/uploads\/2022\/03\/logo-Grand-ARSER-web-carre.jpg","contentUrl":"https:\/\/resra.bruet.com\/wp-content\/uploads\/2022\/03\/logo-Grand-ARSER-web-carre.jpg","width":300,"height":300,"caption":"Association pour la Recherche sur les S\u00e9quelles de la Radioth\u00e9rapie"},"image":{"@id":"https:\/\/resra.bruet.com\/fr\/#\/schema\/logo\/image\/"},"sameAs":["https:\/\/www.facebook.com\/profile.php?id=100086562396208"]},{"@type":"Person","@id":"https:\/\/resra.bruet.com\/#\/schema\/person\/bf85e76615ee71b054ca0af4ac792a84","name":"adminC","image":{"@type":"ImageObject","inLanguage":"fr-FR","@id":"https:\/\/resra.bruet.com\/fr\/#\/schema\/person\/image\/","url":"https:\/\/secure.gravatar.com\/avatar\/15fa25f064ea0f6cd4b5084949f109494363c688305276a8091d028dba8016b9?s=96&d=blank&r=g","contentUrl":"https:\/\/secure.gravatar.com\/avatar\/15fa25f064ea0f6cd4b5084949f109494363c688305276a8091d028dba8016b9?s=96&d=blank&r=g","caption":"adminC"},"url":"https:\/\/resra.bruet.com\/fr\/author\/admichris64\/"}]}},"_links":{"self":[{"href":"https:\/\/resra.bruet.com\/fr\/wp-json\/wp\/v2\/posts\/69","targetHints":{"allow":["GET"]}}],"collection":[{"href":"https:\/\/resra.bruet.com\/fr\/wp-json\/wp\/v2\/posts"}],"about":[{"href":"https:\/\/resra.bruet.com\/fr\/wp-json\/wp\/v2\/types\/post"}],"author":[{"embeddable":true,"href":"https:\/\/resra.bruet.com\/fr\/wp-json\/wp\/v2\/users\/1"}],"replies":[{"embeddable":true,"href":"https:\/\/resra.bruet.com\/fr\/wp-json\/wp\/v2\/comments?post=69"}],"version-history":[{"count":3,"href":"https:\/\/resra.bruet.com\/fr\/wp-json\/wp\/v2\/posts\/69\/revisions"}],"predecessor-version":[{"id":1194,"href":"https:\/\/resra.bruet.com\/fr\/wp-json\/wp\/v2\/posts\/69\/revisions\/1194"}],"wp:attachment":[{"href":"https:\/\/resra.bruet.com\/fr\/wp-json\/wp\/v2\/media?parent=69"}],"wp:term":[{"taxonomy":"category","embeddable":true,"href":"https:\/\/resra.bruet.com\/fr\/wp-json\/wp\/v2\/categories?post=69"},{"taxonomy":"post_tag","embeddable":true,"href":"https:\/\/resra.bruet.com\/fr\/wp-json\/wp\/v2\/tags?post=69"}],"curies":[{"name":"wp","href":"https:\/\/api.w.org\/{rel}","templated":true}]}}