{"id":4809,"date":"2019-09-15T18:39:06","date_gmt":"2019-09-15T16:39:06","guid":{"rendered":"http:\/\/arser.org\/?p=4809"},"modified":"2022-06-20T15:29:01","modified_gmt":"2022-06-20T13:29:01","slug":"english-temoignage-radionecrose-du-sternum-sequelle-dune-radiotherapie-lors-du-traitement-dun-cancer-du-sein","status":"publish","type":"post","link":"https:\/\/resra.bruet.com\/fr\/english-temoignage-radionecrose-du-sternum-sequelle-dune-radiotherapie-lors-du-traitement-dun-cancer-du-sein\/","title":{"rendered":"Radion\u00e9crose du sternum, s\u00e9quelle d\u2019une radioth\u00e9rapie lors du traitement d\u2019un cancer du sein"},"content":{"rendered":"<p>T\u00e9moignage d\u2019une re-naissance et de gratitude. (Ou histoire heureuse apr\u00e8s contr\u00f4le d\u2019une radion\u00e9crose invalidante du sternum)<\/p>\n<p>Ag\u00e9e de 70 ans, je suis en retraite depuis trois mois apr\u00e8s une vie consacr\u00e9e \u00e0 l\u2019exercice de la p\u00e9diatrie en tant que m\u00e9decin.<\/p>\n<p>Le 2 janvier 1998 alors \u00e2g\u00e9e de 49 ans, j\u2019ai \u00e9t\u00e9 op\u00e9r\u00e9e d\u2019un cancer du sein droit suivi d\u2019un traitement de radioth\u00e9rapie de trois mois. Juste apr\u00e8s cette radioth\u00e9rapie fin avril 98, j\u2019ai souffert d\u2019une br\u00fblure 2\u00e8me degr\u00e9 sur le thorax (radiodermite ant\u00e9rieure) au niveau de la zone irradi\u00e9e et Il persiste, jusqu\u2019\u00e0 ce jour, une cicatrice avec de petites varices rouges de surface appel\u00e9es t\u00e9langiectasies.<\/p>\n<p>Le 1er d\u00e9cembre 2001, lors d\u2019un voyage en train, je suis projet\u00e9e violemment contre la tablette d\u2019un lavabo des toilettes apr\u00e8s un freinage brutal. Une douleur thoracique imm\u00e9diate et violente au niveau du sternum appara\u00eet, mais le choc me semble mineur sur le coup. A la descente du train, le ressenti est bien diff\u00e9rent, je souffre et la douleur est accentu\u00e9e par la conduite de retour au domicile sans direction assist\u00e9e ! Je suis \u00e0 4 ans de la radioth\u00e9rapie.<\/p>\n<p>Puis, pendant tout le mois de d\u00e9cembre 2001 la douleur semble sous cloche, supportable, mais n\u2019importe quel mouvement du torse la r\u00e9veille, aigu\u00eb. Je suis contente de ne pas avoir de g\u00eane respiratoire\u2026 je suis s\u00e9dentaire et mes activit\u00e9s sont all\u00e9g\u00e9es gr\u00e2ce au soutien de mon entourage. L\u2019am\u00e9lioration se fait sentir \u00e0 la fin du mois.<\/p>\n<p>Mais mi-janvier 2002, \u00e0 l\u2019occasion d\u2019un nouveau voyage, mouvement\u00e9, la douleur sternale me reprend et ne va pas me l\u00e2cher. Il va falloir 5 mois suppl\u00e9mentaires pour retrouver une mobilisation du bras ou du corps sans douleur, sans traitement existant autre que parac\u00e9tamol, prudence et protection de mon thorax si n\u00e9cessaire.<\/p>\n<p>Puis c\u2019est enfin le SILENCE de ce sternum pendant 16 ans, hormis sa l\u00e9g\u00e8re d\u00e9formation d\u00e9cor\u00e9e qui ne change pas.<\/p>\n<p>C\u2019est sans compter sur ce 10 avril 2018, lors de la consultation d\u2019un rhumatologue hospitalier, qui m\u2019a mobilis\u00e9e avec \u00e9nergie sur une table d\u2019examen \u00abinconfortable\u00bb, \u2026 mon sternum va se r\u00e9veiller \u00e0 nouveau lorsque je descends de la table d\u2019examen et la douleur ne va plus me quitter. Je suis \u00e0 20 ans de la radioth\u00e9rapie, sans rechute de cancer, mais \u00e2g\u00e9e de 69 ans.<\/p>\n<p>Les cinq mois suivants vont \u00eatre tr\u00e8s difficiles, de jour comme de nuit, douloureux dans les mouvements du corps \u00e0 la moindre rotation, entravant non seulement mon habillage, mais mon d\u00e9bit de parole et ma respiration au moindre effort.\u00a0 La vie est alors devenue tr\u00e8s p\u00e9nible. Je cherche des solutions\u2026<\/p>\n<p>Le 6 septembre 2018, je rencontre le Pr Sylvie DELANIAN et d\u00e9couvre l\u2019association ARSER. Elle me propose un traitement pour l\u2019ost\u00e9oradion\u00e9crose, associant trois m\u00e9dicaments (PENTOCLO) sur 6 mois, renouvel\u00e9s en mars 2019. En l\u2019espace d\u2019un mois, le traitement va me rendre mobilit\u00e9, libert\u00e9 et me permettre de retrouver une qualit\u00e9 de vie\u2026 Bouger, respirer, s\u2019habiller&#8230; vivre tout simplement redevient un plaisir dans le silence du corps\u2026 et \u00e7a continue.<\/p>\n<p>Je remercie infiniment le Pr Sylvie DELANIAN et l\u2019\u00e9quipe de l\u2019ARSER qui contribuent \u00e0 la recherche et reconnaissance de ces pathologies de radion\u00e9crose rares et m\u00e9connues.<\/p>\n<p>B\u00e9atrice K.<\/p>","protected":false},"excerpt":{"rendered":"<p>T\u00e9moignage d\u2019une re-naissance et de gratitude. (Ou histoire heureuse apr\u00e8s contr\u00f4le d\u2019une radion\u00e9crose invalidante du sternum) Ag\u00e9e de 70 ans, je suis en retraite depuis trois mois apr\u00e8s une vie consacr\u00e9e \u00e0 l\u2019exercice de la p\u00e9diatrie en tant que m\u00e9decin. Le 2 janvier 1998 alors \u00e2g\u00e9e de 49 ans, j\u2019ai \u00e9t\u00e9 op\u00e9r\u00e9e d\u2019un cancer du &hellip; <a href=\"https:\/\/resra.bruet.com\/fr\/english-temoignage-radionecrose-du-sternum-sequelle-dune-radiotherapie-lors-du-traitement-dun-cancer-du-sein\/\" class=\"more-link\">Continuer la lecture<span class=\"screen-reader-text\"> de &laquo;&nbsp;Radion\u00e9crose du sternum, s\u00e9quelle d\u2019une radioth\u00e9rapie lors du traitement d\u2019un cancer du sein&nbsp;&raquo;<\/span><\/a><\/p>\n","protected":false},"author":2,"featured_media":0,"comment_status":"closed","ping_status":"closed","sticky":false,"template":"","format":"standard","meta":{"_bbp_topic_count":0,"_bbp_reply_count":0,"_bbp_total_topic_count":0,"_bbp_total_reply_count":0,"_bbp_voice_count":0,"_bbp_anonymous_reply_count":0,"_bbp_topic_count_hidden":0,"_bbp_reply_count_hidden":0,"_bbp_forum_subforum_count":0,"footnotes":""},"categories":[10],"tags":[],"class_list":["post-4809","post","type-post","status-publish","format-standard","hentry","category-temoignage"],"yoast_head":"<!-- This site is optimized with the Yoast SEO plugin v27.1.1 - https:\/\/yoast.com\/product\/yoast-seo-wordpress\/ -->\r\n<title>Radion\u00e9crose du sternum, s\u00e9quelle d\u2019une radioth\u00e9rapie lors du traitement d\u2019un cancer du sein - Association pour la Recherche sur les S\u00e9quelles de la Radioth\u00e9rapie<\/title>\r\n<meta name=\"robots\" content=\"index, follow, max-snippet:-1, max-image-preview:large, max-video-preview:-1\" \/>\r\n<link rel=\"canonical\" href=\"https:\/\/resra.bruet.com\/fr\/english-temoignage-radionecrose-du-sternum-sequelle-dune-radiotherapie-lors-du-traitement-dun-cancer-du-sein\/\" \/>\r\n<meta property=\"og:locale\" content=\"fr_FR\" \/>\r\n<meta property=\"og:type\" content=\"article\" \/>\r\n<meta property=\"og:title\" content=\"Radion\u00e9crose du sternum, s\u00e9quelle d\u2019une radioth\u00e9rapie lors du traitement d\u2019un cancer du sein - Association pour la Recherche sur les S\u00e9quelles de la Radioth\u00e9rapie\" \/>\r\n<meta property=\"og:description\" content=\"T\u00e9moignage d\u2019une re-naissance et de gratitude. (Ou histoire heureuse apr\u00e8s contr\u00f4le d\u2019une radion\u00e9crose invalidante du sternum) Ag\u00e9e de 70 ans, je suis en retraite depuis trois mois apr\u00e8s une vie consacr\u00e9e \u00e0 l\u2019exercice de la p\u00e9diatrie en tant que m\u00e9decin. Le 2 janvier 1998 alors \u00e2g\u00e9e de 49 ans, j\u2019ai \u00e9t\u00e9 op\u00e9r\u00e9e d\u2019un cancer du &hellip; Continuer la lecture de &laquo;&nbsp;Radion\u00e9crose du sternum, s\u00e9quelle d\u2019une radioth\u00e9rapie lors du traitement d\u2019un cancer du sein&nbsp;&raquo;\" \/>\r\n<meta property=\"og:url\" content=\"https:\/\/resra.bruet.com\/fr\/english-temoignage-radionecrose-du-sternum-sequelle-dune-radiotherapie-lors-du-traitement-dun-cancer-du-sein\/\" \/>\r\n<meta property=\"og:site_name\" content=\"Association pour la Recherche sur les S\u00e9quelles de la Radioth\u00e9rapie\" \/>\r\n<meta property=\"article:publisher\" content=\"https:\/\/www.facebook.com\/profile.php?id=100086562396208\" \/>\r\n<meta property=\"article:published_time\" content=\"2019-09-15T16:39:06+00:00\" \/>\r\n<meta property=\"article:modified_time\" content=\"2022-06-20T13:29:01+00:00\" \/>\r\n<meta name=\"author\" content=\"Jean-Bernard\" \/>\r\n<meta name=\"twitter:card\" content=\"summary_large_image\" \/>\r\n<meta name=\"twitter:label1\" content=\"\u00c9crit par\" \/>\n\t<meta name=\"twitter:data1\" content=\"Jean-Bernard\" \/>\n\t<meta name=\"twitter:label2\" content=\"Dur\u00e9e de lecture estim\u00e9e\" \/>\n\t<meta name=\"twitter:data2\" content=\"5 minutes\" \/>\r\n<script type=\"application\/ld+json\" class=\"yoast-schema-graph\">{\"@context\":\"https:\/\/schema.org\",\"@graph\":[{\"@type\":\"Article\",\"@id\":\"https:\/\/resra.bruet.com\/english-temoignage-radionecrose-du-sternum-sequelle-dune-radiotherapie-lors-du-traitement-dun-cancer-du-sein\/#article\",\"isPartOf\":{\"@id\":\"https:\/\/resra.bruet.com\/english-temoignage-radionecrose-du-sternum-sequelle-dune-radiotherapie-lors-du-traitement-dun-cancer-du-sein\/\"},\"author\":{\"name\":\"Jean-Bernard\",\"@id\":\"https:\/\/resra.bruet.com\/#\/schema\/person\/78885b426f78db7fa85ef9f396c25fc6\"},\"headline\":\"Radion\u00e9crose du sternum, s\u00e9quelle d\u2019une radioth\u00e9rapie lors du traitement d\u2019un cancer du sein\",\"datePublished\":\"2019-09-15T16:39:06+00:00\",\"dateModified\":\"2022-06-20T13:29:01+00:00\",\"mainEntityOfPage\":{\"@id\":\"https:\/\/resra.bruet.com\/english-temoignage-radionecrose-du-sternum-sequelle-dune-radiotherapie-lors-du-traitement-dun-cancer-du-sein\/\"},\"wordCount\":1079,\"publisher\":{\"@id\":\"https:\/\/resra.bruet.com\/#organization\"},\"articleSection\":[\"T\u00e9moignages\"],\"inLanguage\":\"fr-FR\"},{\"@type\":\"WebPage\",\"@id\":\"https:\/\/resra.bruet.com\/fr\/english-temoignage-radionecrose-du-sternum-sequelle-dune-radiotherapie-lors-du-traitement-dun-cancer-du-sein\/\",\"url\":\"https:\/\/resra.bruet.com\/fr\/english-temoignage-radionecrose-du-sternum-sequelle-dune-radiotherapie-lors-du-traitement-dun-cancer-du-sein\/\",\"name\":\"Radion\u00e9crose du sternum, s\u00e9quelle d\u2019une radioth\u00e9rapie lors du traitement d\u2019un cancer du sein - Association pour la Recherche sur les S\u00e9quelles de la Radioth\u00e9rapie\",\"isPartOf\":{\"@id\":\"https:\/\/resra.bruet.com\/fr\/#website\"},\"datePublished\":\"2019-09-15T16:39:06+00:00\",\"dateModified\":\"2022-06-20T13:29:01+00:00\",\"breadcrumb\":{\"@id\":\"https:\/\/resra.bruet.com\/fr\/english-temoignage-radionecrose-du-sternum-sequelle-dune-radiotherapie-lors-du-traitement-dun-cancer-du-sein\/#breadcrumb\"},\"inLanguage\":\"fr-FR\",\"potentialAction\":[{\"@type\":\"ReadAction\",\"target\":[[\"https:\/\/resra.bruet.com\/fr\/english-temoignage-radionecrose-du-sternum-sequelle-dune-radiotherapie-lors-du-traitement-dun-cancer-du-sein\/\"]]}]},{\"@type\":\"BreadcrumbList\",\"@id\":\"https:\/\/resra.bruet.com\/fr\/english-temoignage-radionecrose-du-sternum-sequelle-dune-radiotherapie-lors-du-traitement-dun-cancer-du-sein\/#breadcrumb\",\"itemListElement\":[{\"@type\":\"ListItem\",\"position\":1,\"name\":\"Accueil\",\"item\":\"https:\/\/resra.bruet.com\/fr\/\"},{\"@type\":\"ListItem\",\"position\":2,\"name\":\"Radion\u00e9crose du sternum, s\u00e9quelle d\u2019une radioth\u00e9rapie lors du traitement d\u2019un cancer du sein\"}]},{\"@type\":\"WebSite\",\"@id\":\"https:\/\/resra.bruet.com\/fr\/#website\",\"url\":\"https:\/\/resra.bruet.com\/fr\/\",\"name\":\"Association pour la Recherche sur les S\u00e9quelles de la Radioth\u00e9rapie\",\"description\":\"Aider les patients ayant suivi une radioth\u00e9rapie \u00e0 en minimiser les s\u00e9quelles\",\"publisher\":{\"@id\":\"https:\/\/resra.bruet.com\/fr\/#organization\"},\"potentialAction\":[{\"@type\":\"SearchAction\",\"target\":{\"@type\":\"EntryPoint\",\"urlTemplate\":\"https:\/\/resra.bruet.com\/fr\/?s={search_term_string}\"},\"query-input\":{\"@type\":\"PropertyValueSpecification\",\"valueRequired\":true,\"valueName\":\"search_term_string\"}}],\"inLanguage\":\"fr-FR\"},{\"@type\":\"Organization\",\"@id\":\"https:\/\/resra.bruet.com\/fr\/#organization\",\"name\":\"Association pour la Recherche sur les S\u00e9quelles de la Radioth\u00e9rapie\",\"url\":\"https:\/\/resra.bruet.com\/fr\/\",\"logo\":{\"@type\":\"ImageObject\",\"inLanguage\":\"fr-FR\",\"@id\":\"https:\/\/resra.bruet.com\/fr\/#\/schema\/logo\/image\/\",\"url\":\"https:\/\/resra.bruet.com\/wp-content\/uploads\/2022\/03\/logo-Grand-ARSER-web-carre.jpg\",\"contentUrl\":\"https:\/\/resra.bruet.com\/wp-content\/uploads\/2022\/03\/logo-Grand-ARSER-web-carre.jpg\",\"width\":300,\"height\":300,\"caption\":\"Association pour la Recherche sur les S\u00e9quelles de la Radioth\u00e9rapie\"},\"image\":{\"@id\":\"https:\/\/resra.bruet.com\/fr\/#\/schema\/logo\/image\/\"},\"sameAs\":[\"https:\/\/www.facebook.com\/profile.php?id=100086562396208\"]},{\"@type\":\"Person\",\"@id\":\"https:\/\/resra.bruet.com\/#\/schema\/person\/78885b426f78db7fa85ef9f396c25fc6\",\"name\":\"Jean-Bernard\",\"image\":{\"@type\":\"ImageObject\",\"inLanguage\":\"fr-FR\",\"@id\":\"https:\/\/resra.bruet.com\/fr\/#\/schema\/person\/image\/\",\"url\":\"https:\/\/secure.gravatar.com\/avatar\/9c54af7365395da69a6e48e2c9591a467191cfa37198b8ca28bfbba1321616c8?s=96&d=blank&r=g\",\"contentUrl\":\"https:\/\/secure.gravatar.com\/avatar\/9c54af7365395da69a6e48e2c9591a467191cfa37198b8ca28bfbba1321616c8?s=96&d=blank&r=g\",\"caption\":\"Jean-Bernard\"},\"url\":\"https:\/\/resra.bruet.com\/fr\/author\/froidure-jean-bernard\/\"}]}<\/script>\r\n<!-- \/ Yoast SEO plugin. -->","yoast_head_json":{"title":"Radion\u00e9crose du sternum, s\u00e9quelle d\u2019une radioth\u00e9rapie lors du traitement d\u2019un cancer du sein - Association pour la Recherche sur les S\u00e9quelles de la Radioth\u00e9rapie","robots":{"index":"index","follow":"follow","max-snippet":"max-snippet:-1","max-image-preview":"max-image-preview:large","max-video-preview":"max-video-preview:-1"},"canonical":"https:\/\/resra.bruet.com\/fr\/english-temoignage-radionecrose-du-sternum-sequelle-dune-radiotherapie-lors-du-traitement-dun-cancer-du-sein\/","og_locale":"fr_FR","og_type":"article","og_title":"Radion\u00e9crose du sternum, s\u00e9quelle d\u2019une radioth\u00e9rapie lors du traitement d\u2019un cancer du sein - Association pour la Recherche sur les S\u00e9quelles de la Radioth\u00e9rapie","og_description":"T\u00e9moignage d\u2019une re-naissance et de gratitude. (Ou histoire heureuse apr\u00e8s contr\u00f4le d\u2019une radion\u00e9crose invalidante du sternum) Ag\u00e9e de 70 ans, je suis en retraite depuis trois mois apr\u00e8s une vie consacr\u00e9e \u00e0 l\u2019exercice de la p\u00e9diatrie en tant que m\u00e9decin. Le 2 janvier 1998 alors \u00e2g\u00e9e de 49 ans, j\u2019ai \u00e9t\u00e9 op\u00e9r\u00e9e d\u2019un cancer du &hellip; Continuer la lecture de &laquo;&nbsp;Radion\u00e9crose du sternum, s\u00e9quelle d\u2019une radioth\u00e9rapie lors du traitement d\u2019un cancer du sein&nbsp;&raquo;","og_url":"https:\/\/resra.bruet.com\/fr\/english-temoignage-radionecrose-du-sternum-sequelle-dune-radiotherapie-lors-du-traitement-dun-cancer-du-sein\/","og_site_name":"Association pour la Recherche sur les S\u00e9quelles de la Radioth\u00e9rapie","article_publisher":"https:\/\/www.facebook.com\/profile.php?id=100086562396208","article_published_time":"2019-09-15T16:39:06+00:00","article_modified_time":"2022-06-20T13:29:01+00:00","author":"Jean-Bernard","twitter_card":"summary_large_image","twitter_misc":{"\u00c9crit par":"Jean-Bernard","Dur\u00e9e de lecture estim\u00e9e":"5 minutes"},"schema":{"@context":"https:\/\/schema.org","@graph":[{"@type":"Article","@id":"https:\/\/resra.bruet.com\/english-temoignage-radionecrose-du-sternum-sequelle-dune-radiotherapie-lors-du-traitement-dun-cancer-du-sein\/#article","isPartOf":{"@id":"https:\/\/resra.bruet.com\/english-temoignage-radionecrose-du-sternum-sequelle-dune-radiotherapie-lors-du-traitement-dun-cancer-du-sein\/"},"author":{"name":"Jean-Bernard","@id":"https:\/\/resra.bruet.com\/#\/schema\/person\/78885b426f78db7fa85ef9f396c25fc6"},"headline":"Radion\u00e9crose du sternum, s\u00e9quelle d\u2019une radioth\u00e9rapie lors du traitement d\u2019un cancer du sein","datePublished":"2019-09-15T16:39:06+00:00","dateModified":"2022-06-20T13:29:01+00:00","mainEntityOfPage":{"@id":"https:\/\/resra.bruet.com\/english-temoignage-radionecrose-du-sternum-sequelle-dune-radiotherapie-lors-du-traitement-dun-cancer-du-sein\/"},"wordCount":1079,"publisher":{"@id":"https:\/\/resra.bruet.com\/#organization"},"articleSection":["T\u00e9moignages"],"inLanguage":"fr-FR"},{"@type":"WebPage","@id":"https:\/\/resra.bruet.com\/fr\/english-temoignage-radionecrose-du-sternum-sequelle-dune-radiotherapie-lors-du-traitement-dun-cancer-du-sein\/","url":"https:\/\/resra.bruet.com\/fr\/english-temoignage-radionecrose-du-sternum-sequelle-dune-radiotherapie-lors-du-traitement-dun-cancer-du-sein\/","name":"Radion\u00e9crose du sternum, s\u00e9quelle d\u2019une radioth\u00e9rapie lors du traitement d\u2019un cancer du sein - Association pour la Recherche sur les S\u00e9quelles de la Radioth\u00e9rapie","isPartOf":{"@id":"https:\/\/resra.bruet.com\/fr\/#website"},"datePublished":"2019-09-15T16:39:06+00:00","dateModified":"2022-06-20T13:29:01+00:00","breadcrumb":{"@id":"https:\/\/resra.bruet.com\/fr\/english-temoignage-radionecrose-du-sternum-sequelle-dune-radiotherapie-lors-du-traitement-dun-cancer-du-sein\/#breadcrumb"},"inLanguage":"fr-FR","potentialAction":[{"@type":"ReadAction","target":[["https:\/\/resra.bruet.com\/fr\/english-temoignage-radionecrose-du-sternum-sequelle-dune-radiotherapie-lors-du-traitement-dun-cancer-du-sein\/"]]}]},{"@type":"BreadcrumbList","@id":"https:\/\/resra.bruet.com\/fr\/english-temoignage-radionecrose-du-sternum-sequelle-dune-radiotherapie-lors-du-traitement-dun-cancer-du-sein\/#breadcrumb","itemListElement":[{"@type":"ListItem","position":1,"name":"Accueil","item":"https:\/\/resra.bruet.com\/fr\/"},{"@type":"ListItem","position":2,"name":"Radion\u00e9crose du sternum, s\u00e9quelle d\u2019une radioth\u00e9rapie lors du traitement d\u2019un cancer du sein"}]},{"@type":"WebSite","@id":"https:\/\/resra.bruet.com\/fr\/#website","url":"https:\/\/resra.bruet.com\/fr\/","name":"Association pour la Recherche sur les S\u00e9quelles de la Radioth\u00e9rapie","description":"Aider les patients ayant suivi une radioth\u00e9rapie \u00e0 en minimiser les s\u00e9quelles","publisher":{"@id":"https:\/\/resra.bruet.com\/fr\/#organization"},"potentialAction":[{"@type":"SearchAction","target":{"@type":"EntryPoint","urlTemplate":"https:\/\/resra.bruet.com\/fr\/?s={search_term_string}"},"query-input":{"@type":"PropertyValueSpecification","valueRequired":true,"valueName":"search_term_string"}}],"inLanguage":"fr-FR"},{"@type":"Organization","@id":"https:\/\/resra.bruet.com\/fr\/#organization","name":"Association pour la Recherche sur les S\u00e9quelles de la Radioth\u00e9rapie","url":"https:\/\/resra.bruet.com\/fr\/","logo":{"@type":"ImageObject","inLanguage":"fr-FR","@id":"https:\/\/resra.bruet.com\/fr\/#\/schema\/logo\/image\/","url":"https:\/\/resra.bruet.com\/wp-content\/uploads\/2022\/03\/logo-Grand-ARSER-web-carre.jpg","contentUrl":"https:\/\/resra.bruet.com\/wp-content\/uploads\/2022\/03\/logo-Grand-ARSER-web-carre.jpg","width":300,"height":300,"caption":"Association pour la Recherche sur les S\u00e9quelles de la Radioth\u00e9rapie"},"image":{"@id":"https:\/\/resra.bruet.com\/fr\/#\/schema\/logo\/image\/"},"sameAs":["https:\/\/www.facebook.com\/profile.php?id=100086562396208"]},{"@type":"Person","@id":"https:\/\/resra.bruet.com\/#\/schema\/person\/78885b426f78db7fa85ef9f396c25fc6","name":"Jean-Bernard","image":{"@type":"ImageObject","inLanguage":"fr-FR","@id":"https:\/\/resra.bruet.com\/fr\/#\/schema\/person\/image\/","url":"https:\/\/secure.gravatar.com\/avatar\/9c54af7365395da69a6e48e2c9591a467191cfa37198b8ca28bfbba1321616c8?s=96&d=blank&r=g","contentUrl":"https:\/\/secure.gravatar.com\/avatar\/9c54af7365395da69a6e48e2c9591a467191cfa37198b8ca28bfbba1321616c8?s=96&d=blank&r=g","caption":"Jean-Bernard"},"url":"https:\/\/resra.bruet.com\/fr\/author\/froidure-jean-bernard\/"}]}},"_links":{"self":[{"href":"https:\/\/resra.bruet.com\/fr\/wp-json\/wp\/v2\/posts\/4809","targetHints":{"allow":["GET"]}}],"collection":[{"href":"https:\/\/resra.bruet.com\/fr\/wp-json\/wp\/v2\/posts"}],"about":[{"href":"https:\/\/resra.bruet.com\/fr\/wp-json\/wp\/v2\/types\/post"}],"author":[{"embeddable":true,"href":"https:\/\/resra.bruet.com\/fr\/wp-json\/wp\/v2\/users\/2"}],"replies":[{"embeddable":true,"href":"https:\/\/resra.bruet.com\/fr\/wp-json\/wp\/v2\/comments?post=4809"}],"version-history":[{"count":14,"href":"https:\/\/resra.bruet.com\/fr\/wp-json\/wp\/v2\/posts\/4809\/revisions"}],"predecessor-version":[{"id":10807,"href":"https:\/\/resra.bruet.com\/fr\/wp-json\/wp\/v2\/posts\/4809\/revisions\/10807"}],"wp:attachment":[{"href":"https:\/\/resra.bruet.com\/fr\/wp-json\/wp\/v2\/media?parent=4809"}],"wp:term":[{"taxonomy":"category","embeddable":true,"href":"https:\/\/resra.bruet.com\/fr\/wp-json\/wp\/v2\/categories?post=4809"},{"taxonomy":"post_tag","embeddable":true,"href":"https:\/\/resra.bruet.com\/fr\/wp-json\/wp\/v2\/tags?post=4809"}],"curies":[{"name":"wp","href":"https:\/\/api.w.org\/{rel}","templated":true}]}}