{"id":390,"date":"2017-01-27T21:54:55","date_gmt":"2017-01-27T20:54:55","guid":{"rendered":"http:\/\/arser.org\/?p=390"},"modified":"2017-10-09T23:59:21","modified_gmt":"2017-10-09T21:59:21","slug":"pourquoi-un-nouveau-logo","status":"publish","type":"post","link":"https:\/\/resra.bruet.com\/fr\/pourquoi-un-nouveau-logo\/","title":{"rendered":"La symbolique du nouveau logo de l&rsquo;ARSER"},"content":{"rendered":"<h6>L\u2019<strong>A<\/strong>ssociation pour la <strong>R<\/strong>echerche sur les <strong>S\u00e9<\/strong>quelles de la <strong>R<\/strong>adioth\u00e9rapie a pour but de contribuer \u00e0 l\u2019avancement de la recherche m\u00e9dicale et d\u2019apporter un soutien aux patients et \u00e0 leurs familles.<\/h6>\n<h6>Dans ce nouveau logo, les points repr\u00e9sentent des unit\u00e9s de temps. Ils \u00e9voquent la progression vers l\u2019am\u00e9lioration, le soulagement : leur taille augmente et leur couleur varie. La courbe qu\u2019ils forment, symbolise une cha\u00eene de mol\u00e9cules pour illustrer le caract\u00e8re \u00abm\u00e9dical\u00bb de l\u2019Association.<\/h6>\n<h6>Le code couleur marque aussi cette \u00e9volution vers l\u2019am\u00e9lioration et le soulagement : gris -&gt; la d\u00e9couverte des s\u00e9quelles ; d\u00e9grad\u00e9 de bleu -&gt; la recherche m\u00e9dicale, les conseils, le soutien (gr\u00e2ce \u00e0 l\u2019ARSeR, d\u2019o\u00f9 la couleur identique aux lettres capitales du logo) ; jaune orang\u00e9 -&gt; une couleur \u00absolaire\u00bb pour le r\u00e9sultat : le mieux-\u00eatre.<\/h6>\n<h6>Les personnages rappellent notre volont\u00e9 commune\u00a0: apporter de l\u2019optimisme aux patients atteints de s\u00e9quelles de la radioth\u00e9rapie.<\/h6>\n","protected":false},"excerpt":{"rendered":"<p>L\u2019Association pour la Recherche sur les S\u00e9quelles de la Radioth\u00e9rapie a pour but de contribuer \u00e0 l\u2019avancement de la recherche m\u00e9dicale et d\u2019apporter un soutien aux patients et \u00e0 leurs familles. Dans ce nouveau logo, les points repr\u00e9sentent des unit\u00e9s de temps. Ils \u00e9voquent la progression vers l\u2019am\u00e9lioration, le soulagement : leur taille augmente et &hellip; <a href=\"https:\/\/resra.bruet.com\/fr\/pourquoi-un-nouveau-logo\/\" class=\"more-link\">Continuer la lecture<span class=\"screen-reader-text\"> de &laquo;&nbsp;La symbolique du nouveau logo de l&rsquo;ARSER&nbsp;&raquo;<\/span><\/a><\/p>\n","protected":false},"author":1,"featured_media":0,"comment_status":"closed","ping_status":"closed","sticky":false,"template":"","format":"standard","meta":{"_bbp_topic_count":0,"_bbp_reply_count":0,"_bbp_total_topic_count":0,"_bbp_total_reply_count":0,"_bbp_voice_count":0,"_bbp_anonymous_reply_count":0,"_bbp_topic_count_hidden":0,"_bbp_reply_count_hidden":0,"_bbp_forum_subforum_count":0,"footnotes":""},"categories":[9],"tags":[],"class_list":["post-390","post","type-post","status-publish","format-standard","hentry","category-chroniques"],"yoast_head":"<!-- This site is optimized with the Yoast SEO plugin v27.1.1 - https:\/\/yoast.com\/product\/yoast-seo-wordpress\/ -->\r\n<title>La symbolique du nouveau logo de l&#039;ARSER - Association pour la Recherche sur les S\u00e9quelles de la Radioth\u00e9rapie<\/title>\r\n<meta name=\"robots\" content=\"index, follow, max-snippet:-1, max-image-preview:large, max-video-preview:-1\" \/>\r\n<link rel=\"canonical\" href=\"https:\/\/resra.bruet.com\/fr\/pourquoi-un-nouveau-logo\/\" \/>\r\n<meta property=\"og:locale\" content=\"fr_FR\" \/>\r\n<meta property=\"og:type\" content=\"article\" \/>\r\n<meta property=\"og:title\" content=\"La symbolique du nouveau logo de l&#039;ARSER - Association pour la Recherche sur les S\u00e9quelles de la Radioth\u00e9rapie\" \/>\r\n<meta property=\"og:description\" content=\"L\u2019Association pour la Recherche sur les S\u00e9quelles de la Radioth\u00e9rapie a pour but de contribuer \u00e0 l\u2019avancement de la recherche m\u00e9dicale et d\u2019apporter un soutien aux patients et \u00e0 leurs familles. Dans ce nouveau logo, les points repr\u00e9sentent des unit\u00e9s de temps. Ils \u00e9voquent la progression vers l\u2019am\u00e9lioration, le soulagement : leur taille augmente et &hellip; Continuer la lecture de &laquo;&nbsp;La symbolique du nouveau logo de l&rsquo;ARSER&nbsp;&raquo;\" \/>\r\n<meta property=\"og:url\" content=\"https:\/\/resra.bruet.com\/fr\/pourquoi-un-nouveau-logo\/\" \/>\r\n<meta property=\"og:site_name\" content=\"Association pour la Recherche sur les S\u00e9quelles de la Radioth\u00e9rapie\" \/>\r\n<meta property=\"article:publisher\" content=\"https:\/\/www.facebook.com\/profile.php?id=100086562396208\" \/>\r\n<meta property=\"article:published_time\" content=\"2017-01-27T20:54:55+00:00\" \/>\r\n<meta property=\"article:modified_time\" content=\"2017-10-09T21:59:21+00:00\" \/>\r\n<meta name=\"author\" content=\"adminC\" \/>\r\n<meta name=\"twitter:card\" content=\"summary_large_image\" \/>\r\n<meta name=\"twitter:label1\" content=\"\u00c9crit par\" \/>\n\t<meta name=\"twitter:data1\" content=\"adminC\" \/>\n\t<meta name=\"twitter:label2\" content=\"Dur\u00e9e de lecture estim\u00e9e\" \/>\n\t<meta name=\"twitter:data2\" content=\"1 minute\" \/>\r\n<script type=\"application\/ld+json\" class=\"yoast-schema-graph\">{\"@context\":\"https:\/\/schema.org\",\"@graph\":[{\"@type\":\"Article\",\"@id\":\"https:\/\/resra.bruet.com\/pourquoi-un-nouveau-logo\/#article\",\"isPartOf\":{\"@id\":\"https:\/\/resra.bruet.com\/pourquoi-un-nouveau-logo\/\"},\"author\":{\"name\":\"adminC\",\"@id\":\"https:\/\/resra.bruet.com\/#\/schema\/person\/bf85e76615ee71b054ca0af4ac792a84\"},\"headline\":\"La symbolique du nouveau logo de l&rsquo;ARSER\",\"datePublished\":\"2017-01-27T20:54:55+00:00\",\"dateModified\":\"2017-10-09T21:59:21+00:00\",\"mainEntityOfPage\":{\"@id\":\"https:\/\/resra.bruet.com\/pourquoi-un-nouveau-logo\/\"},\"wordCount\":180,\"publisher\":{\"@id\":\"https:\/\/resra.bruet.com\/#organization\"},\"articleSection\":[\"Chroniques\"],\"inLanguage\":\"fr-FR\"},{\"@type\":\"WebPage\",\"@id\":\"https:\/\/resra.bruet.com\/fr\/pourquoi-un-nouveau-logo\/\",\"url\":\"https:\/\/resra.bruet.com\/fr\/pourquoi-un-nouveau-logo\/\",\"name\":\"La symbolique du nouveau logo de l'ARSER - Association pour la Recherche sur les S\u00e9quelles de la Radioth\u00e9rapie\",\"isPartOf\":{\"@id\":\"https:\/\/resra.bruet.com\/fr\/#website\"},\"datePublished\":\"2017-01-27T20:54:55+00:00\",\"dateModified\":\"2017-10-09T21:59:21+00:00\",\"breadcrumb\":{\"@id\":\"https:\/\/resra.bruet.com\/fr\/pourquoi-un-nouveau-logo\/#breadcrumb\"},\"inLanguage\":\"fr-FR\",\"potentialAction\":[{\"@type\":\"ReadAction\",\"target\":[[\"https:\/\/resra.bruet.com\/fr\/pourquoi-un-nouveau-logo\/\"]]}]},{\"@type\":\"BreadcrumbList\",\"@id\":\"https:\/\/resra.bruet.com\/fr\/pourquoi-un-nouveau-logo\/#breadcrumb\",\"itemListElement\":[{\"@type\":\"ListItem\",\"position\":1,\"name\":\"Accueil\",\"item\":\"https:\/\/resra.bruet.com\/fr\/\"},{\"@type\":\"ListItem\",\"position\":2,\"name\":\"La symbolique du nouveau logo de l&rsquo;ARSER\"}]},{\"@type\":\"WebSite\",\"@id\":\"https:\/\/resra.bruet.com\/fr\/#website\",\"url\":\"https:\/\/resra.bruet.com\/fr\/\",\"name\":\"Association pour la Recherche sur les S\u00e9quelles de la Radioth\u00e9rapie\",\"description\":\"Aider les patients ayant suivi une radioth\u00e9rapie \u00e0 en minimiser les s\u00e9quelles\",\"publisher\":{\"@id\":\"https:\/\/resra.bruet.com\/fr\/#organization\"},\"potentialAction\":[{\"@type\":\"SearchAction\",\"target\":{\"@type\":\"EntryPoint\",\"urlTemplate\":\"https:\/\/resra.bruet.com\/fr\/?s={search_term_string}\"},\"query-input\":{\"@type\":\"PropertyValueSpecification\",\"valueRequired\":true,\"valueName\":\"search_term_string\"}}],\"inLanguage\":\"fr-FR\"},{\"@type\":\"Organization\",\"@id\":\"https:\/\/resra.bruet.com\/fr\/#organization\",\"name\":\"Association pour la Recherche sur les S\u00e9quelles de la Radioth\u00e9rapie\",\"url\":\"https:\/\/resra.bruet.com\/fr\/\",\"logo\":{\"@type\":\"ImageObject\",\"inLanguage\":\"fr-FR\",\"@id\":\"https:\/\/resra.bruet.com\/fr\/#\/schema\/logo\/image\/\",\"url\":\"https:\/\/resra.bruet.com\/wp-content\/uploads\/2022\/03\/logo-Grand-ARSER-web-carre.jpg\",\"contentUrl\":\"https:\/\/resra.bruet.com\/wp-content\/uploads\/2022\/03\/logo-Grand-ARSER-web-carre.jpg\",\"width\":300,\"height\":300,\"caption\":\"Association pour la Recherche sur les S\u00e9quelles de la Radioth\u00e9rapie\"},\"image\":{\"@id\":\"https:\/\/resra.bruet.com\/fr\/#\/schema\/logo\/image\/\"},\"sameAs\":[\"https:\/\/www.facebook.com\/profile.php?id=100086562396208\"]},{\"@type\":\"Person\",\"@id\":\"https:\/\/resra.bruet.com\/#\/schema\/person\/bf85e76615ee71b054ca0af4ac792a84\",\"name\":\"adminC\",\"image\":{\"@type\":\"ImageObject\",\"inLanguage\":\"fr-FR\",\"@id\":\"https:\/\/resra.bruet.com\/fr\/#\/schema\/person\/image\/\",\"url\":\"https:\/\/secure.gravatar.com\/avatar\/15fa25f064ea0f6cd4b5084949f109494363c688305276a8091d028dba8016b9?s=96&d=blank&r=g\",\"contentUrl\":\"https:\/\/secure.gravatar.com\/avatar\/15fa25f064ea0f6cd4b5084949f109494363c688305276a8091d028dba8016b9?s=96&d=blank&r=g\",\"caption\":\"adminC\"},\"url\":\"https:\/\/resra.bruet.com\/fr\/author\/admichris64\/\"}]}<\/script>\r\n<!-- \/ Yoast SEO plugin. -->","yoast_head_json":{"title":"La symbolique du nouveau logo de l'ARSER - Association pour la Recherche sur les S\u00e9quelles de la Radioth\u00e9rapie","robots":{"index":"index","follow":"follow","max-snippet":"max-snippet:-1","max-image-preview":"max-image-preview:large","max-video-preview":"max-video-preview:-1"},"canonical":"https:\/\/resra.bruet.com\/fr\/pourquoi-un-nouveau-logo\/","og_locale":"fr_FR","og_type":"article","og_title":"La symbolique du nouveau logo de l'ARSER - Association pour la Recherche sur les S\u00e9quelles de la Radioth\u00e9rapie","og_description":"L\u2019Association pour la Recherche sur les S\u00e9quelles de la Radioth\u00e9rapie a pour but de contribuer \u00e0 l\u2019avancement de la recherche m\u00e9dicale et d\u2019apporter un soutien aux patients et \u00e0 leurs familles. Dans ce nouveau logo, les points repr\u00e9sentent des unit\u00e9s de temps. Ils \u00e9voquent la progression vers l\u2019am\u00e9lioration, le soulagement : leur taille augmente et &hellip; Continuer la lecture de &laquo;&nbsp;La symbolique du nouveau logo de l&rsquo;ARSER&nbsp;&raquo;","og_url":"https:\/\/resra.bruet.com\/fr\/pourquoi-un-nouveau-logo\/","og_site_name":"Association pour la Recherche sur les S\u00e9quelles de la Radioth\u00e9rapie","article_publisher":"https:\/\/www.facebook.com\/profile.php?id=100086562396208","article_published_time":"2017-01-27T20:54:55+00:00","article_modified_time":"2017-10-09T21:59:21+00:00","author":"adminC","twitter_card":"summary_large_image","twitter_misc":{"\u00c9crit par":"adminC","Dur\u00e9e de lecture estim\u00e9e":"1 minute"},"schema":{"@context":"https:\/\/schema.org","@graph":[{"@type":"Article","@id":"https:\/\/resra.bruet.com\/pourquoi-un-nouveau-logo\/#article","isPartOf":{"@id":"https:\/\/resra.bruet.com\/pourquoi-un-nouveau-logo\/"},"author":{"name":"adminC","@id":"https:\/\/resra.bruet.com\/#\/schema\/person\/bf85e76615ee71b054ca0af4ac792a84"},"headline":"La symbolique du nouveau logo de l&rsquo;ARSER","datePublished":"2017-01-27T20:54:55+00:00","dateModified":"2017-10-09T21:59:21+00:00","mainEntityOfPage":{"@id":"https:\/\/resra.bruet.com\/pourquoi-un-nouveau-logo\/"},"wordCount":180,"publisher":{"@id":"https:\/\/resra.bruet.com\/#organization"},"articleSection":["Chroniques"],"inLanguage":"fr-FR"},{"@type":"WebPage","@id":"https:\/\/resra.bruet.com\/fr\/pourquoi-un-nouveau-logo\/","url":"https:\/\/resra.bruet.com\/fr\/pourquoi-un-nouveau-logo\/","name":"La symbolique du nouveau logo de l'ARSER - Association pour la Recherche sur les S\u00e9quelles de la Radioth\u00e9rapie","isPartOf":{"@id":"https:\/\/resra.bruet.com\/fr\/#website"},"datePublished":"2017-01-27T20:54:55+00:00","dateModified":"2017-10-09T21:59:21+00:00","breadcrumb":{"@id":"https:\/\/resra.bruet.com\/fr\/pourquoi-un-nouveau-logo\/#breadcrumb"},"inLanguage":"fr-FR","potentialAction":[{"@type":"ReadAction","target":[["https:\/\/resra.bruet.com\/fr\/pourquoi-un-nouveau-logo\/"]]}]},{"@type":"BreadcrumbList","@id":"https:\/\/resra.bruet.com\/fr\/pourquoi-un-nouveau-logo\/#breadcrumb","itemListElement":[{"@type":"ListItem","position":1,"name":"Accueil","item":"https:\/\/resra.bruet.com\/fr\/"},{"@type":"ListItem","position":2,"name":"La symbolique du nouveau logo de l&rsquo;ARSER"}]},{"@type":"WebSite","@id":"https:\/\/resra.bruet.com\/fr\/#website","url":"https:\/\/resra.bruet.com\/fr\/","name":"Association pour la Recherche sur les S\u00e9quelles de la Radioth\u00e9rapie","description":"Aider les patients ayant suivi une radioth\u00e9rapie \u00e0 en minimiser les s\u00e9quelles","publisher":{"@id":"https:\/\/resra.bruet.com\/fr\/#organization"},"potentialAction":[{"@type":"SearchAction","target":{"@type":"EntryPoint","urlTemplate":"https:\/\/resra.bruet.com\/fr\/?s={search_term_string}"},"query-input":{"@type":"PropertyValueSpecification","valueRequired":true,"valueName":"search_term_string"}}],"inLanguage":"fr-FR"},{"@type":"Organization","@id":"https:\/\/resra.bruet.com\/fr\/#organization","name":"Association pour la Recherche sur les S\u00e9quelles de la Radioth\u00e9rapie","url":"https:\/\/resra.bruet.com\/fr\/","logo":{"@type":"ImageObject","inLanguage":"fr-FR","@id":"https:\/\/resra.bruet.com\/fr\/#\/schema\/logo\/image\/","url":"https:\/\/resra.bruet.com\/wp-content\/uploads\/2022\/03\/logo-Grand-ARSER-web-carre.jpg","contentUrl":"https:\/\/resra.bruet.com\/wp-content\/uploads\/2022\/03\/logo-Grand-ARSER-web-carre.jpg","width":300,"height":300,"caption":"Association pour la Recherche sur les S\u00e9quelles de la Radioth\u00e9rapie"},"image":{"@id":"https:\/\/resra.bruet.com\/fr\/#\/schema\/logo\/image\/"},"sameAs":["https:\/\/www.facebook.com\/profile.php?id=100086562396208"]},{"@type":"Person","@id":"https:\/\/resra.bruet.com\/#\/schema\/person\/bf85e76615ee71b054ca0af4ac792a84","name":"adminC","image":{"@type":"ImageObject","inLanguage":"fr-FR","@id":"https:\/\/resra.bruet.com\/fr\/#\/schema\/person\/image\/","url":"https:\/\/secure.gravatar.com\/avatar\/15fa25f064ea0f6cd4b5084949f109494363c688305276a8091d028dba8016b9?s=96&d=blank&r=g","contentUrl":"https:\/\/secure.gravatar.com\/avatar\/15fa25f064ea0f6cd4b5084949f109494363c688305276a8091d028dba8016b9?s=96&d=blank&r=g","caption":"adminC"},"url":"https:\/\/resra.bruet.com\/fr\/author\/admichris64\/"}]}},"_links":{"self":[{"href":"https:\/\/resra.bruet.com\/fr\/wp-json\/wp\/v2\/posts\/390","targetHints":{"allow":["GET"]}}],"collection":[{"href":"https:\/\/resra.bruet.com\/fr\/wp-json\/wp\/v2\/posts"}],"about":[{"href":"https:\/\/resra.bruet.com\/fr\/wp-json\/wp\/v2\/types\/post"}],"author":[{"embeddable":true,"href":"https:\/\/resra.bruet.com\/fr\/wp-json\/wp\/v2\/users\/1"}],"replies":[{"embeddable":true,"href":"https:\/\/resra.bruet.com\/fr\/wp-json\/wp\/v2\/comments?post=390"}],"version-history":[{"count":21,"href":"https:\/\/resra.bruet.com\/fr\/wp-json\/wp\/v2\/posts\/390\/revisions"}],"predecessor-version":[{"id":1353,"href":"https:\/\/resra.bruet.com\/fr\/wp-json\/wp\/v2\/posts\/390\/revisions\/1353"}],"wp:attachment":[{"href":"https:\/\/resra.bruet.com\/fr\/wp-json\/wp\/v2\/media?parent=390"}],"wp:term":[{"taxonomy":"category","embeddable":true,"href":"https:\/\/resra.bruet.com\/fr\/wp-json\/wp\/v2\/categories?post=390"},{"taxonomy":"post_tag","embeddable":true,"href":"https:\/\/resra.bruet.com\/fr\/wp-json\/wp\/v2\/tags?post=390"}],"curies":[{"name":"wp","href":"https:\/\/api.w.org\/{rel}","templated":true}]}}