{"id":3824,"date":"2019-03-24T16:54:20","date_gmt":"2019-03-24T15:54:20","guid":{"rendered":"http:\/\/arser.org\/?p=3824"},"modified":"2022-06-20T15:36:33","modified_gmt":"2022-06-20T13:36:33","slug":"temoignage-radiculopathie","status":"publish","type":"post","link":"https:\/\/resra.bruet.com\/fr\/temoignage-radiculopathie\/","title":{"rendered":"Radiculopathie"},"content":{"rendered":"<p>Avant toute chose, je souhaite afficher publiquement mes remerciements au Dr Sylvie Delanian. Par son extr\u00eame comp\u00e9tence, son \u00e9coute, son humanit\u00e9, elle est un exemple et je peux vraiment dire qu\u2019elle m\u2019a sauv\u00e9.<\/p>\n<p>N\u00e9 en 1957, j\u2019ai pr\u00e9sent\u00e9 un s\u00e9minome pur en 1996, \u00e0 l\u2019\u00e2ge de 39 ans, qui a \u00e9t\u00e9 trait\u00e9 et gu\u00e9ri par chirurgie locale puis radioth\u00e9rapie \u00ab\u00a0intense\u00a0\u00bb sur l\u2019abdomen puis le thorax. En 2012, 16 ans apr\u00e8s, j\u2019ai souffert d\u2019une brutale et rapide perte de force dans les jambes. R\u00e9trospectivement, j\u2019avais tendance depuis 2-3 ans \u00e0 me tordre la cheville, etc.<\/p>\n<p>Apr\u00e8s de nombreux examens et hypoth\u00e8ses \u00e9cart\u00e9es de longs mois, le diagnostic a enfin \u00e9t\u00e9 pos\u00e9, puis confirm\u00e9 par le Dr Delanian (pour la petite histoire je suis chercheur et j\u2019ai trouv\u00e9 ses articles scientifiques sur le sujet). J\u2019ai \u00e9t\u00e9 convaincu de prendre un traitement antifibrosant PENTOCLO qui a d\u00e9marr\u00e9 en 2012 et qui est toujours en cours en 2019. Ce traitement a permis chez moi de stopper le processus de d\u00e9g\u00e9n\u00e9rescence (nerfs et fibrose) de mon plexus lombaire (radiculopathie) par une l\u00e9g\u00e8re am\u00e9lioration de la situation neurologique puis une stabilisation&#8230; Depuis lors, je suis autonome, je peux me d\u00e9placer \u00e0 pieds quasi normalement, mais avec une faiblesse persistante des jambes surtout des releveurs de pieds (attention aux tapis\u00a0!). Termin\u00e9 le tennis, etc., mais je vis quasi normalement.<\/p>\n<p>Il faut dire quand m\u00eame que cette situation n\u2019a pas \u00e9t\u00e9 facile \u00e0 admettre et s\u2019en est suivie une l\u00e9g\u00e8re d\u00e9pression (cela \u00e9tait nouveau pour moi) fin 2012 du fait de l\u2019angoisse sur la suite (je me voyais d\u00e9j\u00e0 en chaise roulante, et avec des cons\u00e9quences professionnelles et familiales). J\u2019ai rencontr\u00e9 un psychiatre bouddhiste (zen) et ces circonstances ont provoqu\u00e9 une remise en question profonde et progressivement \u00e0 une clarification de beaucoup de choses. Je continue depuis \u00e0 pratiquer la m\u00e9ditation zen avec mon \u00e9pouse\u00a0; je n\u2019ai pas eu besoin d\u2019antid\u00e9presseurs.<\/p>\n<p>Pour la petite histoire le psychiatre que j\u2019avais consult\u00e9 lors de ma r\u00e9action d\u00e9pressive m\u2019avait prescrit un antid\u00e9presseur. Ce que je n\u2019ai pas fait, par r\u00e9sistance \u00e0 l\u2019id\u00e9e, et la m\u00e9ditation m\u2019a aid\u00e9 \u00e0 passer le cap. J\u2019en ai parl\u00e9 au Dr Delanian qui m\u2019a propos\u00e9 un m\u00e9dicament de la famille des IRS la Venlafaxine 37.5 chaque matin. Il s\u2019agit de la plus petite dose pour limiter les pertes d\u2019\u00e9nergie de la classe des anti-d\u00e9presseurs mais \u00e0 la dose 10 fois plus faible\u2026 ce qui m\u2019a convaincu. L\u2019objectif est de mieux recycler la s\u00e9rotonine (en inhibant sa recapture) et ainsi d\u2019aider (analogue d\u2019une petite b\u00e9quille, dixit le Dr Delanian) un des neurotransmetteurs de contr\u00f4le (de mes jambes en l\u2019occurrence)\u2026 mettant l\u2019\u00e9puisement \u00e0 distance. \u00c0 propos de ce m\u00e9dicament, au final je pense qu\u2019il ne faut pas h\u00e9siter, car il m\u2019a permis de passer un cap et de casser le cercle vicieux dans lequel je me trouvais.<\/p>\n<p>Enfin, j\u2019ai aussi pratiqu\u00e9 (et pratique encore irr\u00e9guli\u00e8rement) la m\u00e9ditation, l\u2019id\u00e9e n\u2019est pas un m\u00e9dicament miracle qui fait dispara\u00eetre les douleurs, mais une aide afin de relativiser en regardant la situation en face avec un effet apaisant (calme l\u2019esprit et le corps). Il existe beaucoup de pratiques apparent\u00e9es (sophrologie, pleine conscience, etc.) suivant l\u2019objectif (la m\u00e9ditation paradoxalement n\u2019en ayant pas, c\u2019est justement le moyen de ne pas s\u2019attacher \u00e0 un r\u00e9sultat esp\u00e9r\u00e9 !).<\/p>\n<p>Courage, partage, espoir et compassion.<\/p>\n<p>Jean-Pierre<\/p>","protected":false},"excerpt":{"rendered":"<p>Avant toute chose, je souhaite afficher publiquement mes remerciements au Dr Sylvie Delanian. Par son extr\u00eame comp\u00e9tence, son \u00e9coute, son humanit\u00e9, elle est un exemple et je peux vraiment dire qu\u2019elle m\u2019a sauv\u00e9. N\u00e9 en 1957, j\u2019ai pr\u00e9sent\u00e9 un s\u00e9minome pur en 1996, \u00e0 l\u2019\u00e2ge de 39 ans, qui a \u00e9t\u00e9 trait\u00e9 et gu\u00e9ri par &hellip; <a href=\"https:\/\/resra.bruet.com\/fr\/temoignage-radiculopathie\/\" class=\"more-link\">Continuer la lecture<span class=\"screen-reader-text\"> de &laquo;&nbsp;Radiculopathie&nbsp;&raquo;<\/span><\/a><\/p>\n","protected":false},"author":2,"featured_media":0,"comment_status":"closed","ping_status":"closed","sticky":false,"template":"","format":"standard","meta":{"_bbp_topic_count":0,"_bbp_reply_count":0,"_bbp_total_topic_count":0,"_bbp_total_reply_count":0,"_bbp_voice_count":0,"_bbp_anonymous_reply_count":0,"_bbp_topic_count_hidden":0,"_bbp_reply_count_hidden":0,"_bbp_forum_subforum_count":0,"footnotes":""},"categories":[10],"tags":[],"class_list":["post-3824","post","type-post","status-publish","format-standard","hentry","category-temoignage"],"yoast_head":"<!-- This site is optimized with the Yoast SEO plugin v27.1.1 - https:\/\/yoast.com\/product\/yoast-seo-wordpress\/ -->\r\n<title>Radiculopathie - Association pour la Recherche sur les S\u00e9quelles de la Radioth\u00e9rapie<\/title>\r\n<meta name=\"robots\" content=\"index, follow, max-snippet:-1, max-image-preview:large, max-video-preview:-1\" \/>\r\n<link rel=\"canonical\" href=\"https:\/\/resra.bruet.com\/fr\/temoignage-radiculopathie\/\" \/>\r\n<meta property=\"og:locale\" content=\"fr_FR\" \/>\r\n<meta property=\"og:type\" content=\"article\" \/>\r\n<meta property=\"og:title\" content=\"Radiculopathie - Association pour la Recherche sur les S\u00e9quelles de la Radioth\u00e9rapie\" \/>\r\n<meta property=\"og:description\" content=\"Avant toute chose, je souhaite afficher publiquement mes remerciements au Dr Sylvie Delanian. Par son extr\u00eame comp\u00e9tence, son \u00e9coute, son humanit\u00e9, elle est un exemple et je peux vraiment dire qu\u2019elle m\u2019a sauv\u00e9. N\u00e9 en 1957, j\u2019ai pr\u00e9sent\u00e9 un s\u00e9minome pur en 1996, \u00e0 l\u2019\u00e2ge de 39 ans, qui a \u00e9t\u00e9 trait\u00e9 et gu\u00e9ri par &hellip; Continuer la lecture de &laquo;&nbsp;Radiculopathie&nbsp;&raquo;\" \/>\r\n<meta property=\"og:url\" content=\"https:\/\/resra.bruet.com\/fr\/temoignage-radiculopathie\/\" \/>\r\n<meta property=\"og:site_name\" content=\"Association pour la Recherche sur les S\u00e9quelles de la Radioth\u00e9rapie\" \/>\r\n<meta property=\"article:publisher\" content=\"https:\/\/www.facebook.com\/profile.php?id=100086562396208\" \/>\r\n<meta property=\"article:published_time\" content=\"2019-03-24T15:54:20+00:00\" \/>\r\n<meta property=\"article:modified_time\" content=\"2022-06-20T13:36:33+00:00\" \/>\r\n<meta name=\"author\" content=\"Jean-Bernard\" \/>\r\n<meta name=\"twitter:card\" content=\"summary_large_image\" \/>\r\n<meta name=\"twitter:label1\" content=\"\u00c9crit par\" \/>\n\t<meta name=\"twitter:data1\" content=\"Jean-Bernard\" \/>\n\t<meta name=\"twitter:label2\" content=\"Dur\u00e9e de lecture estim\u00e9e\" \/>\n\t<meta name=\"twitter:data2\" content=\"6 minutes\" \/>\r\n<script type=\"application\/ld+json\" class=\"yoast-schema-graph\">{\"@context\":\"https:\/\/schema.org\",\"@graph\":[{\"@type\":\"Article\",\"@id\":\"https:\/\/resra.bruet.com\/temoignage-radiculopathie\/#article\",\"isPartOf\":{\"@id\":\"https:\/\/resra.bruet.com\/temoignage-radiculopathie\/\"},\"author\":{\"name\":\"Jean-Bernard\",\"@id\":\"https:\/\/resra.bruet.com\/#\/schema\/person\/78885b426f78db7fa85ef9f396c25fc6\"},\"headline\":\"Radiculopathie\",\"datePublished\":\"2019-03-24T15:54:20+00:00\",\"dateModified\":\"2022-06-20T13:36:33+00:00\",\"mainEntityOfPage\":{\"@id\":\"https:\/\/resra.bruet.com\/temoignage-radiculopathie\/\"},\"wordCount\":1146,\"publisher\":{\"@id\":\"https:\/\/resra.bruet.com\/#organization\"},\"articleSection\":[\"T\u00e9moignages\"],\"inLanguage\":\"fr-FR\"},{\"@type\":\"WebPage\",\"@id\":\"https:\/\/resra.bruet.com\/fr\/temoignage-radiculopathie\/\",\"url\":\"https:\/\/resra.bruet.com\/fr\/temoignage-radiculopathie\/\",\"name\":\"Radiculopathie - Association pour la Recherche sur les S\u00e9quelles de la Radioth\u00e9rapie\",\"isPartOf\":{\"@id\":\"https:\/\/resra.bruet.com\/fr\/#website\"},\"datePublished\":\"2019-03-24T15:54:20+00:00\",\"dateModified\":\"2022-06-20T13:36:33+00:00\",\"breadcrumb\":{\"@id\":\"https:\/\/resra.bruet.com\/fr\/temoignage-radiculopathie\/#breadcrumb\"},\"inLanguage\":\"fr-FR\",\"potentialAction\":[{\"@type\":\"ReadAction\",\"target\":[[\"https:\/\/resra.bruet.com\/fr\/temoignage-radiculopathie\/\"]]}]},{\"@type\":\"BreadcrumbList\",\"@id\":\"https:\/\/resra.bruet.com\/fr\/temoignage-radiculopathie\/#breadcrumb\",\"itemListElement\":[{\"@type\":\"ListItem\",\"position\":1,\"name\":\"Accueil\",\"item\":\"https:\/\/resra.bruet.com\/fr\/\"},{\"@type\":\"ListItem\",\"position\":2,\"name\":\"Radiculopathie\"}]},{\"@type\":\"WebSite\",\"@id\":\"https:\/\/resra.bruet.com\/fr\/#website\",\"url\":\"https:\/\/resra.bruet.com\/fr\/\",\"name\":\"Association pour la Recherche sur les S\u00e9quelles de la Radioth\u00e9rapie\",\"description\":\"Aider les patients ayant suivi une radioth\u00e9rapie \u00e0 en minimiser les s\u00e9quelles\",\"publisher\":{\"@id\":\"https:\/\/resra.bruet.com\/fr\/#organization\"},\"potentialAction\":[{\"@type\":\"SearchAction\",\"target\":{\"@type\":\"EntryPoint\",\"urlTemplate\":\"https:\/\/resra.bruet.com\/fr\/?s={search_term_string}\"},\"query-input\":{\"@type\":\"PropertyValueSpecification\",\"valueRequired\":true,\"valueName\":\"search_term_string\"}}],\"inLanguage\":\"fr-FR\"},{\"@type\":\"Organization\",\"@id\":\"https:\/\/resra.bruet.com\/fr\/#organization\",\"name\":\"Association pour la Recherche sur les S\u00e9quelles de la Radioth\u00e9rapie\",\"url\":\"https:\/\/resra.bruet.com\/fr\/\",\"logo\":{\"@type\":\"ImageObject\",\"inLanguage\":\"fr-FR\",\"@id\":\"https:\/\/resra.bruet.com\/fr\/#\/schema\/logo\/image\/\",\"url\":\"https:\/\/resra.bruet.com\/wp-content\/uploads\/2022\/03\/logo-Grand-ARSER-web-carre.jpg\",\"contentUrl\":\"https:\/\/resra.bruet.com\/wp-content\/uploads\/2022\/03\/logo-Grand-ARSER-web-carre.jpg\",\"width\":300,\"height\":300,\"caption\":\"Association pour la Recherche sur les S\u00e9quelles de la Radioth\u00e9rapie\"},\"image\":{\"@id\":\"https:\/\/resra.bruet.com\/fr\/#\/schema\/logo\/image\/\"},\"sameAs\":[\"https:\/\/www.facebook.com\/profile.php?id=100086562396208\"]},{\"@type\":\"Person\",\"@id\":\"https:\/\/resra.bruet.com\/#\/schema\/person\/78885b426f78db7fa85ef9f396c25fc6\",\"name\":\"Jean-Bernard\",\"image\":{\"@type\":\"ImageObject\",\"inLanguage\":\"fr-FR\",\"@id\":\"https:\/\/resra.bruet.com\/fr\/#\/schema\/person\/image\/\",\"url\":\"https:\/\/secure.gravatar.com\/avatar\/9c54af7365395da69a6e48e2c9591a467191cfa37198b8ca28bfbba1321616c8?s=96&d=blank&r=g\",\"contentUrl\":\"https:\/\/secure.gravatar.com\/avatar\/9c54af7365395da69a6e48e2c9591a467191cfa37198b8ca28bfbba1321616c8?s=96&d=blank&r=g\",\"caption\":\"Jean-Bernard\"},\"url\":\"https:\/\/resra.bruet.com\/fr\/author\/froidure-jean-bernard\/\"}]}<\/script>\r\n<!-- \/ Yoast SEO plugin. -->","yoast_head_json":{"title":"Radiculopathie - Association pour la Recherche sur les S\u00e9quelles de la Radioth\u00e9rapie","robots":{"index":"index","follow":"follow","max-snippet":"max-snippet:-1","max-image-preview":"max-image-preview:large","max-video-preview":"max-video-preview:-1"},"canonical":"https:\/\/resra.bruet.com\/fr\/temoignage-radiculopathie\/","og_locale":"fr_FR","og_type":"article","og_title":"Radiculopathie - Association pour la Recherche sur les S\u00e9quelles de la Radioth\u00e9rapie","og_description":"Avant toute chose, je souhaite afficher publiquement mes remerciements au Dr Sylvie Delanian. Par son extr\u00eame comp\u00e9tence, son \u00e9coute, son humanit\u00e9, elle est un exemple et je peux vraiment dire qu\u2019elle m\u2019a sauv\u00e9. N\u00e9 en 1957, j\u2019ai pr\u00e9sent\u00e9 un s\u00e9minome pur en 1996, \u00e0 l\u2019\u00e2ge de 39 ans, qui a \u00e9t\u00e9 trait\u00e9 et gu\u00e9ri par &hellip; Continuer la lecture de &laquo;&nbsp;Radiculopathie&nbsp;&raquo;","og_url":"https:\/\/resra.bruet.com\/fr\/temoignage-radiculopathie\/","og_site_name":"Association pour la Recherche sur les S\u00e9quelles de la Radioth\u00e9rapie","article_publisher":"https:\/\/www.facebook.com\/profile.php?id=100086562396208","article_published_time":"2019-03-24T15:54:20+00:00","article_modified_time":"2022-06-20T13:36:33+00:00","author":"Jean-Bernard","twitter_card":"summary_large_image","twitter_misc":{"\u00c9crit par":"Jean-Bernard","Dur\u00e9e de lecture estim\u00e9e":"6 minutes"},"schema":{"@context":"https:\/\/schema.org","@graph":[{"@type":"Article","@id":"https:\/\/resra.bruet.com\/temoignage-radiculopathie\/#article","isPartOf":{"@id":"https:\/\/resra.bruet.com\/temoignage-radiculopathie\/"},"author":{"name":"Jean-Bernard","@id":"https:\/\/resra.bruet.com\/#\/schema\/person\/78885b426f78db7fa85ef9f396c25fc6"},"headline":"Radiculopathie","datePublished":"2019-03-24T15:54:20+00:00","dateModified":"2022-06-20T13:36:33+00:00","mainEntityOfPage":{"@id":"https:\/\/resra.bruet.com\/temoignage-radiculopathie\/"},"wordCount":1146,"publisher":{"@id":"https:\/\/resra.bruet.com\/#organization"},"articleSection":["T\u00e9moignages"],"inLanguage":"fr-FR"},{"@type":"WebPage","@id":"https:\/\/resra.bruet.com\/fr\/temoignage-radiculopathie\/","url":"https:\/\/resra.bruet.com\/fr\/temoignage-radiculopathie\/","name":"Radiculopathie - Association pour la Recherche sur les S\u00e9quelles de la Radioth\u00e9rapie","isPartOf":{"@id":"https:\/\/resra.bruet.com\/fr\/#website"},"datePublished":"2019-03-24T15:54:20+00:00","dateModified":"2022-06-20T13:36:33+00:00","breadcrumb":{"@id":"https:\/\/resra.bruet.com\/fr\/temoignage-radiculopathie\/#breadcrumb"},"inLanguage":"fr-FR","potentialAction":[{"@type":"ReadAction","target":[["https:\/\/resra.bruet.com\/fr\/temoignage-radiculopathie\/"]]}]},{"@type":"BreadcrumbList","@id":"https:\/\/resra.bruet.com\/fr\/temoignage-radiculopathie\/#breadcrumb","itemListElement":[{"@type":"ListItem","position":1,"name":"Accueil","item":"https:\/\/resra.bruet.com\/fr\/"},{"@type":"ListItem","position":2,"name":"Radiculopathie"}]},{"@type":"WebSite","@id":"https:\/\/resra.bruet.com\/fr\/#website","url":"https:\/\/resra.bruet.com\/fr\/","name":"Association pour la Recherche sur les S\u00e9quelles de la Radioth\u00e9rapie","description":"Aider les patients ayant suivi une radioth\u00e9rapie \u00e0 en minimiser les s\u00e9quelles","publisher":{"@id":"https:\/\/resra.bruet.com\/fr\/#organization"},"potentialAction":[{"@type":"SearchAction","target":{"@type":"EntryPoint","urlTemplate":"https:\/\/resra.bruet.com\/fr\/?s={search_term_string}"},"query-input":{"@type":"PropertyValueSpecification","valueRequired":true,"valueName":"search_term_string"}}],"inLanguage":"fr-FR"},{"@type":"Organization","@id":"https:\/\/resra.bruet.com\/fr\/#organization","name":"Association pour la Recherche sur les S\u00e9quelles de la Radioth\u00e9rapie","url":"https:\/\/resra.bruet.com\/fr\/","logo":{"@type":"ImageObject","inLanguage":"fr-FR","@id":"https:\/\/resra.bruet.com\/fr\/#\/schema\/logo\/image\/","url":"https:\/\/resra.bruet.com\/wp-content\/uploads\/2022\/03\/logo-Grand-ARSER-web-carre.jpg","contentUrl":"https:\/\/resra.bruet.com\/wp-content\/uploads\/2022\/03\/logo-Grand-ARSER-web-carre.jpg","width":300,"height":300,"caption":"Association pour la Recherche sur les S\u00e9quelles de la Radioth\u00e9rapie"},"image":{"@id":"https:\/\/resra.bruet.com\/fr\/#\/schema\/logo\/image\/"},"sameAs":["https:\/\/www.facebook.com\/profile.php?id=100086562396208"]},{"@type":"Person","@id":"https:\/\/resra.bruet.com\/#\/schema\/person\/78885b426f78db7fa85ef9f396c25fc6","name":"Jean-Bernard","image":{"@type":"ImageObject","inLanguage":"fr-FR","@id":"https:\/\/resra.bruet.com\/fr\/#\/schema\/person\/image\/","url":"https:\/\/secure.gravatar.com\/avatar\/9c54af7365395da69a6e48e2c9591a467191cfa37198b8ca28bfbba1321616c8?s=96&d=blank&r=g","contentUrl":"https:\/\/secure.gravatar.com\/avatar\/9c54af7365395da69a6e48e2c9591a467191cfa37198b8ca28bfbba1321616c8?s=96&d=blank&r=g","caption":"Jean-Bernard"},"url":"https:\/\/resra.bruet.com\/fr\/author\/froidure-jean-bernard\/"}]}},"_links":{"self":[{"href":"https:\/\/resra.bruet.com\/fr\/wp-json\/wp\/v2\/posts\/3824","targetHints":{"allow":["GET"]}}],"collection":[{"href":"https:\/\/resra.bruet.com\/fr\/wp-json\/wp\/v2\/posts"}],"about":[{"href":"https:\/\/resra.bruet.com\/fr\/wp-json\/wp\/v2\/types\/post"}],"author":[{"embeddable":true,"href":"https:\/\/resra.bruet.com\/fr\/wp-json\/wp\/v2\/users\/2"}],"replies":[{"embeddable":true,"href":"https:\/\/resra.bruet.com\/fr\/wp-json\/wp\/v2\/comments?post=3824"}],"version-history":[{"count":13,"href":"https:\/\/resra.bruet.com\/fr\/wp-json\/wp\/v2\/posts\/3824\/revisions"}],"predecessor-version":[{"id":10815,"href":"https:\/\/resra.bruet.com\/fr\/wp-json\/wp\/v2\/posts\/3824\/revisions\/10815"}],"wp:attachment":[{"href":"https:\/\/resra.bruet.com\/fr\/wp-json\/wp\/v2\/media?parent=3824"}],"wp:term":[{"taxonomy":"category","embeddable":true,"href":"https:\/\/resra.bruet.com\/fr\/wp-json\/wp\/v2\/categories?post=3824"},{"taxonomy":"post_tag","embeddable":true,"href":"https:\/\/resra.bruet.com\/fr\/wp-json\/wp\/v2\/tags?post=3824"}],"curies":[{"name":"wp","href":"https:\/\/api.w.org\/{rel}","templated":true}]}}