{"id":19014,"date":"2025-02-24T15:43:07","date_gmt":"2025-02-24T14:43:07","guid":{"rendered":"https:\/\/arser.org\/?p=19014"},"modified":"2025-02-24T23:40:48","modified_gmt":"2025-02-24T22:40:48","slug":"hommage-a-jean-louis-lefaix","status":"publish","type":"post","link":"https:\/\/resra.bruet.com\/fr\/hommage-a-jean-louis-lefaix\/","title":{"rendered":"Hommage \u00e0 Jean Louis LEFAIX"},"content":{"rendered":"<p>Notre ami Jean-Louis LEFAIX, chercheur illustre de la radiobiologie et la radiopathologie fran\u00e7aise, nous a quitt\u00e9 ce 15 f\u00e9vrier 2025 \u00e0 l\u2019\u00e2ge de 72 ans.<\/p>\n<p>Son parcours a d\u00e9but\u00e9 en biologie \u00ab\u00a0mon bureau \u00e9tait un r\u00e9duit sans fen\u00eatre d&rsquo;environ 1,50m sur 2 antichambre du bureau de mon directeur de th\u00e8se \u00e0 l&rsquo;universit\u00e9 Pierre Marie Curie\u00a0\u00bb\u00a0ayant fait ses classes aupr\u00e8s de son ma\u00eetre Ren\u00e9 Couteau dans les ann\u00e9es 70 sur la jonction neuro-musculaire.<\/p>\n<p>Puis, il a soutenu une th\u00e8se de 3<sup>\u00e8me<\/sup> cycle en biologie sur la morphologie descriptive et quantitative du nerf p\u00e9riph\u00e9rique de la jonction neuromusculaire et du m\u00e9tabolisme musculaire chez la souris (1981, Paris VI). Il a d\u2019ailleurs souffert d\u2019un plagiat de ses travaux, survenu depuis Londres, apr\u00e8s une demande de recommandation aupr\u00e8s d\u2019un baron \u00e0 renomm\u00e9e internationale sp\u00e9cialiste du syst\u00e8me nerveux chez la souris\u00a0!<\/p>\n<p>En avril 80, la chance lui a permis d\u2019\u00eatre recrut\u00e9 au CEA pour travailler \u00e0 la \u00ab\u00a0ferme atomique\u00a0\u00bb laboratoire de radiobiologie appliqu\u00e9e. \u00ab\u00a0Bloc sans fen\u00eatre construit au milieu des ann\u00e9es 60, de 80 m de long, 25 m de large, permettant l&rsquo;exp\u00e9rimentation sur gros animaux, dans les bois \u00e0 la p\u00e9riph\u00e9rie de INRA \u00e0 Jouy-en-Josas, dans un isolement g\u00e9ographique et administratif total\u00a0\u00bb.<\/p>\n<p>Ceci a permis, avec en particulier les v\u00e9t\u00e9rinaires du laboratoire, de mettre au point un mod\u00e8le exp\u00e9rimental d\u2019irradiation accidentel localis\u00e9 (programme Pocket Syndrome) puis de d\u00e9velopper une recherche radiobiologique translationnelle en physiologie et en imagerie\u2026 suivi d\u2019un doctorat de Sciences (1989).<\/p>\n<p>Puis l\u2019ouverture sur la th\u00e9matique des s\u00e9quelles tardives de la radioth\u00e9rapie est apparue d\u00e8s l\u2019arriv\u00e9e du Dr Sylvie DELANIAN au labo en 1990 (suivi d\u2019ailleurs d\u2019une amicale complicit\u00e9 de 30 ans) permettant la pr\u00e9cieuse concordance de travaux cliniques, in vivo, et in vitro, avec Mich\u00e8le MARTIN puis Marie Catherine VOZENIN.<\/p>\n<p>L\u2019ensemble de ses travaux sera couronn\u00e9 par une habilitation \u00e0 diriger des recherches en 1994 et un d\u00e9p\u00f4t de Brevet d\u2019Invention en 1998.<\/p>\n<p>Puis un virage des ann\u00e9es 2000 sera pris \u00e0 Caen avec l\u2019Hadronth\u00e9rapie puis le projet Arcade construit pour pr\u00e9parer la radiobiologie du XXIe si\u00e8cle.<\/p>\n<p>Lorsqu\u2019en 2009, la sant\u00e9 l\u2019a trahi (sans doute li\u00e9 aux radiations), l&rsquo;exp\u00e9rience du partage des souffrances de patients avec s\u00e9quelles de la radioth\u00e9rapie a pu l&rsquo;aider \u00e0 traverser certaines \u00e9preuves humaines\u2026. Il a fait partie du premier cercle des fondateurs de l\u2019ARSER en 2010 et son Conseil scientifique.<\/p>\n<p>Il s&rsquo;estimait \u00eatre un passeur de savoir d\u2019une discipline complexe \u00e0 cheval (son ami de toujours) sur la physique, la physiologie animale, la m\u00e9decine, la biologie mol\u00e9culaire et la radioth\u00e9rapie.<\/p>\n<p>Son \u00e9rudition, sa rigueur, son humour, sa clart\u00e9, et m\u00eame son pessimisme l\u00e9gendaire vont nous manquer. Il a marqu\u00e9 \u00e0 jamais la radiobiologie et radiopathologie fran\u00e7aise en permettant les transferts de connaissances du microscope \u00e0 l\u2019humain et des applications m\u00e9dicales toujours en vigueur \u00e0 ce jour.<\/p>\n<p>Merci pour tout Jean Louis<\/p>\n<div style=\"display: flex; flex-direction: row;\">\n<div><img loading=\"lazy\" decoding=\"async\" class=\"alignnone size-medium wp-image-20083\" src=\"https:\/\/resra.bruet.com\/wp-content\/uploads\/2025\/02\/JLL-au-laboratoire-de-Jouy-en-Josas.jpg\" alt=\"au laboratoire de Jouy en Josas\" width=\"300\" height=\"225\" \/><\/p>\n<p>au laboratoire de Jouy en Josas<\/p><\/div>\n<div><\/div>\n<div><img loading=\"lazy\" decoding=\"async\" class=\"alignnone size-medium wp-image-20084\" src=\"https:\/\/resra.bruet.com\/wp-content\/uploads\/2025\/02\/JLL-en-AG-a-lARSER.jpg\" alt=\"en AG \u00e0 l\u2019ARSER\" width=\"300\" height=\"224\" \/><\/p>\n<p>en AG \u00e0 l\u2019ARSER<\/p><\/div>\n<\/div>\n<p><\/p>","protected":false},"excerpt":{"rendered":"<p>Notre ami Jean-Louis LEFAIX, chercheur illustre de la radiobiologie et la radiopathologie fran\u00e7aise, nous a quitt\u00e9 ce 15 f\u00e9vrier 2025 \u00e0 l\u2019\u00e2ge de 72 ans. Son parcours a d\u00e9but\u00e9 en biologie \u00ab\u00a0mon bureau \u00e9tait un r\u00e9duit sans fen\u00eatre d&rsquo;environ 1,50m sur 2 antichambre du bureau de mon directeur de th\u00e8se \u00e0 l&rsquo;universit\u00e9 Pierre Marie Curie\u00a0\u00bb\u00a0ayant &hellip; <a href=\"https:\/\/resra.bruet.com\/fr\/hommage-a-jean-louis-lefaix\/\" class=\"more-link\">Continuer la lecture<span class=\"screen-reader-text\"> de &laquo;&nbsp;Hommage \u00e0 Jean Louis LEFAIX&nbsp;&raquo;<\/span><\/a><\/p>\n","protected":false},"author":1519,"featured_media":0,"comment_status":"closed","ping_status":"closed","sticky":false,"template":"","format":"standard","meta":{"_bbp_topic_count":0,"_bbp_reply_count":0,"_bbp_total_topic_count":0,"_bbp_total_reply_count":0,"_bbp_voice_count":0,"_bbp_anonymous_reply_count":0,"_bbp_topic_count_hidden":0,"_bbp_reply_count_hidden":0,"_bbp_forum_subforum_count":0,"footnotes":""},"categories":[9,5],"tags":[],"class_list":["post-19014","post","type-post","status-publish","format-standard","hentry","category-chroniques","category-edito"],"yoast_head":"<!-- This site is optimized with the Yoast SEO plugin v27.1.1 - https:\/\/yoast.com\/product\/yoast-seo-wordpress\/ -->\r\n<title>Hommage \u00e0 Jean Louis LEFAIX - Association pour la Recherche sur les S\u00e9quelles de la Radioth\u00e9rapie<\/title>\r\n<meta name=\"robots\" content=\"index, follow, max-snippet:-1, max-image-preview:large, max-video-preview:-1\" \/>\r\n<link rel=\"canonical\" href=\"https:\/\/resra.bruet.com\/fr\/hommage-a-jean-louis-lefaix\/\" \/>\r\n<meta property=\"og:locale\" content=\"fr_FR\" \/>\r\n<meta property=\"og:type\" content=\"article\" \/>\r\n<meta property=\"og:title\" content=\"Hommage \u00e0 Jean Louis LEFAIX - Association pour la Recherche sur les S\u00e9quelles de la Radioth\u00e9rapie\" \/>\r\n<meta property=\"og:description\" content=\"Notre ami Jean-Louis LEFAIX, chercheur illustre de la radiobiologie et la radiopathologie fran\u00e7aise, nous a quitt\u00e9 ce 15 f\u00e9vrier 2025 \u00e0 l\u2019\u00e2ge de 72 ans. Son parcours a d\u00e9but\u00e9 en biologie \u00ab\u00a0mon bureau \u00e9tait un r\u00e9duit sans fen\u00eatre d&rsquo;environ 1,50m sur 2 antichambre du bureau de mon directeur de th\u00e8se \u00e0 l&rsquo;universit\u00e9 Pierre Marie Curie\u00a0\u00bb\u00a0ayant &hellip; Continuer la lecture de &laquo;&nbsp;Hommage \u00e0 Jean Louis LEFAIX&nbsp;&raquo;\" \/>\r\n<meta property=\"og:url\" content=\"https:\/\/resra.bruet.com\/fr\/hommage-a-jean-louis-lefaix\/\" \/>\r\n<meta property=\"og:site_name\" content=\"Association pour la Recherche sur les S\u00e9quelles de la Radioth\u00e9rapie\" \/>\r\n<meta property=\"article:publisher\" content=\"https:\/\/www.facebook.com\/profile.php?id=100086562396208\" \/>\r\n<meta property=\"article:published_time\" content=\"2025-02-24T14:43:07+00:00\" \/>\r\n<meta property=\"article:modified_time\" content=\"2025-02-24T22:40:48+00:00\" \/>\r\n<meta name=\"author\" content=\"AdminArser\" \/>\r\n<meta name=\"twitter:card\" content=\"summary_large_image\" \/>\r\n<meta name=\"twitter:label1\" content=\"\u00c9crit par\" \/>\n\t<meta name=\"twitter:data1\" content=\"AdminArser\" \/>\n\t<meta name=\"twitter:label2\" content=\"Dur\u00e9e de lecture estim\u00e9e\" \/>\n\t<meta name=\"twitter:data2\" content=\"3 minutes\" \/>\r\n<script type=\"application\/ld+json\" class=\"yoast-schema-graph\">{\"@context\":\"https:\/\/schema.org\",\"@graph\":[{\"@type\":\"Article\",\"@id\":\"https:\/\/resra.bruet.com\/hommage-a-jean-louis-lefaix\/#article\",\"isPartOf\":{\"@id\":\"https:\/\/resra.bruet.com\/hommage-a-jean-louis-lefaix\/\"},\"author\":{\"name\":\"AdminArser\",\"@id\":\"https:\/\/resra.bruet.com\/#\/schema\/person\/bfd4d66106ac18baa3e8c590ef0409e5\"},\"headline\":\"Hommage \u00e0 Jean Louis LEFAIX\",\"datePublished\":\"2025-02-24T14:43:07+00:00\",\"dateModified\":\"2025-02-24T22:40:48+00:00\",\"mainEntityOfPage\":{\"@id\":\"https:\/\/resra.bruet.com\/hommage-a-jean-louis-lefaix\/\"},\"wordCount\":986,\"publisher\":{\"@id\":\"https:\/\/resra.bruet.com\/#organization\"},\"image\":{\"@id\":\"https:\/\/resra.bruet.com\/hommage-a-jean-louis-lefaix\/#primaryimage\"},\"thumbnailUrl\":\"https:\/\/resra.bruet.com\/wp-content\/uploads\/2025\/02\/JLL-au-laboratoire-de-Jouy-en-Josas.jpg\",\"articleSection\":[\"Chroniques\",\"\u00c9dito\"],\"inLanguage\":\"fr-FR\"},{\"@type\":\"WebPage\",\"@id\":\"https:\/\/resra.bruet.com\/fr\/hommage-a-jean-louis-lefaix\/\",\"url\":\"https:\/\/resra.bruet.com\/fr\/hommage-a-jean-louis-lefaix\/\",\"name\":\"Hommage \u00e0 Jean Louis LEFAIX - Association pour la Recherche sur les S\u00e9quelles de la Radioth\u00e9rapie\",\"isPartOf\":{\"@id\":\"https:\/\/resra.bruet.com\/fr\/#website\"},\"primaryImageOfPage\":{\"@id\":\"https:\/\/resra.bruet.com\/fr\/hommage-a-jean-louis-lefaix\/#primaryimage\"},\"image\":{\"@id\":\"https:\/\/resra.bruet.com\/hommage-a-jean-louis-lefaix\/#primaryimage\"},\"thumbnailUrl\":\"https:\/\/resra.bruet.com\/wp-content\/uploads\/2025\/02\/JLL-au-laboratoire-de-Jouy-en-Josas.jpg\",\"datePublished\":\"2025-02-24T14:43:07+00:00\",\"dateModified\":\"2025-02-24T22:40:48+00:00\",\"breadcrumb\":{\"@id\":\"https:\/\/resra.bruet.com\/fr\/hommage-a-jean-louis-lefaix\/#breadcrumb\"},\"inLanguage\":\"fr-FR\",\"potentialAction\":[{\"@type\":\"ReadAction\",\"target\":[[\"https:\/\/resra.bruet.com\/fr\/hommage-a-jean-louis-lefaix\/\"]]}]},{\"@type\":\"ImageObject\",\"inLanguage\":\"fr-FR\",\"@id\":\"https:\/\/resra.bruet.com\/fr\/hommage-a-jean-louis-lefaix\/#primaryimage\",\"url\":\"https:\/\/resra.bruet.com\/wp-content\/uploads\/2025\/02\/JLL-au-laboratoire-de-Jouy-en-Josas.jpg\",\"contentUrl\":\"https:\/\/resra.bruet.com\/wp-content\/uploads\/2025\/02\/JLL-au-laboratoire-de-Jouy-en-Josas.jpg\"},{\"@type\":\"BreadcrumbList\",\"@id\":\"https:\/\/resra.bruet.com\/fr\/hommage-a-jean-louis-lefaix\/#breadcrumb\",\"itemListElement\":[{\"@type\":\"ListItem\",\"position\":1,\"name\":\"Accueil\",\"item\":\"https:\/\/resra.bruet.com\/fr\/\"},{\"@type\":\"ListItem\",\"position\":2,\"name\":\"Hommage \u00e0 Jean Louis LEFAIX\"}]},{\"@type\":\"WebSite\",\"@id\":\"https:\/\/resra.bruet.com\/fr\/#website\",\"url\":\"https:\/\/resra.bruet.com\/fr\/\",\"name\":\"Association pour la Recherche sur les S\u00e9quelles de la Radioth\u00e9rapie\",\"description\":\"Aider les patients ayant suivi une radioth\u00e9rapie \u00e0 en minimiser les s\u00e9quelles\",\"publisher\":{\"@id\":\"https:\/\/resra.bruet.com\/fr\/#organization\"},\"potentialAction\":[{\"@type\":\"SearchAction\",\"target\":{\"@type\":\"EntryPoint\",\"urlTemplate\":\"https:\/\/resra.bruet.com\/fr\/?s={search_term_string}\"},\"query-input\":{\"@type\":\"PropertyValueSpecification\",\"valueRequired\":true,\"valueName\":\"search_term_string\"}}],\"inLanguage\":\"fr-FR\"},{\"@type\":\"Organization\",\"@id\":\"https:\/\/resra.bruet.com\/fr\/#organization\",\"name\":\"Association pour la Recherche sur les S\u00e9quelles de la Radioth\u00e9rapie\",\"url\":\"https:\/\/resra.bruet.com\/fr\/\",\"logo\":{\"@type\":\"ImageObject\",\"inLanguage\":\"fr-FR\",\"@id\":\"https:\/\/resra.bruet.com\/fr\/#\/schema\/logo\/image\/\",\"url\":\"https:\/\/resra.bruet.com\/wp-content\/uploads\/2022\/03\/logo-Grand-ARSER-web-carre.jpg\",\"contentUrl\":\"https:\/\/resra.bruet.com\/wp-content\/uploads\/2022\/03\/logo-Grand-ARSER-web-carre.jpg\",\"width\":300,\"height\":300,\"caption\":\"Association pour la Recherche sur les S\u00e9quelles de la Radioth\u00e9rapie\"},\"image\":{\"@id\":\"https:\/\/resra.bruet.com\/fr\/#\/schema\/logo\/image\/\"},\"sameAs\":[\"https:\/\/www.facebook.com\/profile.php?id=100086562396208\"]},{\"@type\":\"Person\",\"@id\":\"https:\/\/resra.bruet.com\/#\/schema\/person\/bfd4d66106ac18baa3e8c590ef0409e5\",\"name\":\"AdminArser\",\"image\":{\"@type\":\"ImageObject\",\"inLanguage\":\"fr-FR\",\"@id\":\"https:\/\/resra.bruet.com\/fr\/#\/schema\/person\/image\/\",\"url\":\"https:\/\/secure.gravatar.com\/avatar\/843f6acdab194e0868e42182ea477beb5f6728f13aec135eba9b31e4308ecc64?s=96&d=blank&r=g\",\"contentUrl\":\"https:\/\/secure.gravatar.com\/avatar\/843f6acdab194e0868e42182ea477beb5f6728f13aec135eba9b31e4308ecc64?s=96&d=blank&r=g\",\"caption\":\"AdminArser\"},\"url\":\"https:\/\/resra.bruet.com\/fr\/author\/adminarser\/\"}]}<\/script>\r\n<!-- \/ Yoast SEO plugin. -->","yoast_head_json":{"title":"Hommage \u00e0 Jean Louis LEFAIX - Association pour la Recherche sur les S\u00e9quelles de la Radioth\u00e9rapie","robots":{"index":"index","follow":"follow","max-snippet":"max-snippet:-1","max-image-preview":"max-image-preview:large","max-video-preview":"max-video-preview:-1"},"canonical":"https:\/\/resra.bruet.com\/fr\/hommage-a-jean-louis-lefaix\/","og_locale":"fr_FR","og_type":"article","og_title":"Hommage \u00e0 Jean Louis LEFAIX - Association pour la Recherche sur les S\u00e9quelles de la Radioth\u00e9rapie","og_description":"Notre ami Jean-Louis LEFAIX, chercheur illustre de la radiobiologie et la radiopathologie fran\u00e7aise, nous a quitt\u00e9 ce 15 f\u00e9vrier 2025 \u00e0 l\u2019\u00e2ge de 72 ans. Son parcours a d\u00e9but\u00e9 en biologie \u00ab\u00a0mon bureau \u00e9tait un r\u00e9duit sans fen\u00eatre d&rsquo;environ 1,50m sur 2 antichambre du bureau de mon directeur de th\u00e8se \u00e0 l&rsquo;universit\u00e9 Pierre Marie Curie\u00a0\u00bb\u00a0ayant &hellip; Continuer la lecture de &laquo;&nbsp;Hommage \u00e0 Jean Louis LEFAIX&nbsp;&raquo;","og_url":"https:\/\/resra.bruet.com\/fr\/hommage-a-jean-louis-lefaix\/","og_site_name":"Association pour la Recherche sur les S\u00e9quelles de la Radioth\u00e9rapie","article_publisher":"https:\/\/www.facebook.com\/profile.php?id=100086562396208","article_published_time":"2025-02-24T14:43:07+00:00","article_modified_time":"2025-02-24T22:40:48+00:00","author":"AdminArser","twitter_card":"summary_large_image","twitter_misc":{"\u00c9crit par":"AdminArser","Dur\u00e9e de lecture estim\u00e9e":"3 minutes"},"schema":{"@context":"https:\/\/schema.org","@graph":[{"@type":"Article","@id":"https:\/\/resra.bruet.com\/hommage-a-jean-louis-lefaix\/#article","isPartOf":{"@id":"https:\/\/resra.bruet.com\/hommage-a-jean-louis-lefaix\/"},"author":{"name":"AdminArser","@id":"https:\/\/resra.bruet.com\/#\/schema\/person\/bfd4d66106ac18baa3e8c590ef0409e5"},"headline":"Hommage \u00e0 Jean Louis LEFAIX","datePublished":"2025-02-24T14:43:07+00:00","dateModified":"2025-02-24T22:40:48+00:00","mainEntityOfPage":{"@id":"https:\/\/resra.bruet.com\/hommage-a-jean-louis-lefaix\/"},"wordCount":986,"publisher":{"@id":"https:\/\/resra.bruet.com\/#organization"},"image":{"@id":"https:\/\/resra.bruet.com\/hommage-a-jean-louis-lefaix\/#primaryimage"},"thumbnailUrl":"https:\/\/resra.bruet.com\/wp-content\/uploads\/2025\/02\/JLL-au-laboratoire-de-Jouy-en-Josas.jpg","articleSection":["Chroniques","\u00c9dito"],"inLanguage":"fr-FR"},{"@type":"WebPage","@id":"https:\/\/resra.bruet.com\/fr\/hommage-a-jean-louis-lefaix\/","url":"https:\/\/resra.bruet.com\/fr\/hommage-a-jean-louis-lefaix\/","name":"Hommage \u00e0 Jean Louis LEFAIX - Association pour la Recherche sur les S\u00e9quelles de la Radioth\u00e9rapie","isPartOf":{"@id":"https:\/\/resra.bruet.com\/fr\/#website"},"primaryImageOfPage":{"@id":"https:\/\/resra.bruet.com\/fr\/hommage-a-jean-louis-lefaix\/#primaryimage"},"image":{"@id":"https:\/\/resra.bruet.com\/hommage-a-jean-louis-lefaix\/#primaryimage"},"thumbnailUrl":"https:\/\/resra.bruet.com\/wp-content\/uploads\/2025\/02\/JLL-au-laboratoire-de-Jouy-en-Josas.jpg","datePublished":"2025-02-24T14:43:07+00:00","dateModified":"2025-02-24T22:40:48+00:00","breadcrumb":{"@id":"https:\/\/resra.bruet.com\/fr\/hommage-a-jean-louis-lefaix\/#breadcrumb"},"inLanguage":"fr-FR","potentialAction":[{"@type":"ReadAction","target":[["https:\/\/resra.bruet.com\/fr\/hommage-a-jean-louis-lefaix\/"]]}]},{"@type":"ImageObject","inLanguage":"fr-FR","@id":"https:\/\/resra.bruet.com\/fr\/hommage-a-jean-louis-lefaix\/#primaryimage","url":"https:\/\/resra.bruet.com\/wp-content\/uploads\/2025\/02\/JLL-au-laboratoire-de-Jouy-en-Josas.jpg","contentUrl":"https:\/\/resra.bruet.com\/wp-content\/uploads\/2025\/02\/JLL-au-laboratoire-de-Jouy-en-Josas.jpg"},{"@type":"BreadcrumbList","@id":"https:\/\/resra.bruet.com\/fr\/hommage-a-jean-louis-lefaix\/#breadcrumb","itemListElement":[{"@type":"ListItem","position":1,"name":"Accueil","item":"https:\/\/resra.bruet.com\/fr\/"},{"@type":"ListItem","position":2,"name":"Hommage \u00e0 Jean Louis LEFAIX"}]},{"@type":"WebSite","@id":"https:\/\/resra.bruet.com\/fr\/#website","url":"https:\/\/resra.bruet.com\/fr\/","name":"Association pour la Recherche sur les S\u00e9quelles de la Radioth\u00e9rapie","description":"Aider les patients ayant suivi une radioth\u00e9rapie \u00e0 en minimiser les s\u00e9quelles","publisher":{"@id":"https:\/\/resra.bruet.com\/fr\/#organization"},"potentialAction":[{"@type":"SearchAction","target":{"@type":"EntryPoint","urlTemplate":"https:\/\/resra.bruet.com\/fr\/?s={search_term_string}"},"query-input":{"@type":"PropertyValueSpecification","valueRequired":true,"valueName":"search_term_string"}}],"inLanguage":"fr-FR"},{"@type":"Organization","@id":"https:\/\/resra.bruet.com\/fr\/#organization","name":"Association pour la Recherche sur les S\u00e9quelles de la Radioth\u00e9rapie","url":"https:\/\/resra.bruet.com\/fr\/","logo":{"@type":"ImageObject","inLanguage":"fr-FR","@id":"https:\/\/resra.bruet.com\/fr\/#\/schema\/logo\/image\/","url":"https:\/\/resra.bruet.com\/wp-content\/uploads\/2022\/03\/logo-Grand-ARSER-web-carre.jpg","contentUrl":"https:\/\/resra.bruet.com\/wp-content\/uploads\/2022\/03\/logo-Grand-ARSER-web-carre.jpg","width":300,"height":300,"caption":"Association pour la Recherche sur les S\u00e9quelles de la Radioth\u00e9rapie"},"image":{"@id":"https:\/\/resra.bruet.com\/fr\/#\/schema\/logo\/image\/"},"sameAs":["https:\/\/www.facebook.com\/profile.php?id=100086562396208"]},{"@type":"Person","@id":"https:\/\/resra.bruet.com\/#\/schema\/person\/bfd4d66106ac18baa3e8c590ef0409e5","name":"AdminArser","image":{"@type":"ImageObject","inLanguage":"fr-FR","@id":"https:\/\/resra.bruet.com\/fr\/#\/schema\/person\/image\/","url":"https:\/\/secure.gravatar.com\/avatar\/843f6acdab194e0868e42182ea477beb5f6728f13aec135eba9b31e4308ecc64?s=96&d=blank&r=g","contentUrl":"https:\/\/secure.gravatar.com\/avatar\/843f6acdab194e0868e42182ea477beb5f6728f13aec135eba9b31e4308ecc64?s=96&d=blank&r=g","caption":"AdminArser"},"url":"https:\/\/resra.bruet.com\/fr\/author\/adminarser\/"}]}},"_links":{"self":[{"href":"https:\/\/resra.bruet.com\/fr\/wp-json\/wp\/v2\/posts\/19014","targetHints":{"allow":["GET"]}}],"collection":[{"href":"https:\/\/resra.bruet.com\/fr\/wp-json\/wp\/v2\/posts"}],"about":[{"href":"https:\/\/resra.bruet.com\/fr\/wp-json\/wp\/v2\/types\/post"}],"author":[{"embeddable":true,"href":"https:\/\/resra.bruet.com\/fr\/wp-json\/wp\/v2\/users\/1519"}],"replies":[{"embeddable":true,"href":"https:\/\/resra.bruet.com\/fr\/wp-json\/wp\/v2\/comments?post=19014"}],"version-history":[{"count":8,"href":"https:\/\/resra.bruet.com\/fr\/wp-json\/wp\/v2\/posts\/19014\/revisions"}],"predecessor-version":[{"id":19028,"href":"https:\/\/resra.bruet.com\/fr\/wp-json\/wp\/v2\/posts\/19014\/revisions\/19028"}],"wp:attachment":[{"href":"https:\/\/resra.bruet.com\/fr\/wp-json\/wp\/v2\/media?parent=19014"}],"wp:term":[{"taxonomy":"category","embeddable":true,"href":"https:\/\/resra.bruet.com\/fr\/wp-json\/wp\/v2\/categories?post=19014"},{"taxonomy":"post_tag","embeddable":true,"href":"https:\/\/resra.bruet.com\/fr\/wp-json\/wp\/v2\/tags?post=19014"}],"curies":[{"name":"wp","href":"https:\/\/api.w.org\/{rel}","templated":true}]}}