{"id":18615,"date":"2023-05-10T18:44:03","date_gmt":"2023-05-10T16:44:03","guid":{"rendered":"https:\/\/arser.org\/?p=18615"},"modified":"2024-05-07T19:21:26","modified_gmt":"2024-05-07T17:21:26","slug":"compte-rendu-de-lassemblee-generale-ordinaire-du-22-avril-2023","status":"publish","type":"post","link":"https:\/\/resra.bruet.com\/fr\/compte-rendu-de-lassemblee-generale-ordinaire-du-22-avril-2023\/","title":{"rendered":"Compte-rendu de L\u2019ASSEMBLEE GENERALE ORDINAIRE du 22 avril 2023"},"content":{"rendered":"<p>Les membres de l\u2019Association ont \u00e9t\u00e9 convoqu\u00e9s par courrier \u00e9lectronique le 03 avril 2023 \u00e0 participer \u00e0 l\u2018Assembl\u00e9e G\u00e9n\u00e9rale Ordinaire (AGO) de l\u2019ARSER, en pr\u00e9sentiel, \u00e0 la Maison des Association salle 4, au 16 rue des Gravier \u00e0 92522 Neuilly Sur Seine Cedex.<br \/>\n25 adh\u00e9rents de l\u2019ARSER ont particip\u00e9 \u00e0 cette AGO : 7 pr\u00e9sents et 18 repr\u00e9sent\u00e9s. Le Quorum \u00e9tant atteint, L\u2019AGO peut valablement d\u00e9lib\u00e9rer, dans le respect des statuts.<\/p>\n<p><strong>La s\u00e9ance est ouverte \u00e0 10h<\/strong><br \/>\nLa Pr\u00e9sidente de l\u2019ARSER, <strong>Pr Sylvie DELANIAN<\/strong>, souhaite la bienvenue aux membres pr\u00e9sents et les remercie de leur pr\u00e9sence. Elle remercie aussi les adh\u00e9rents qui ont envoy\u00e9 leur pouvoir preuve de leur int\u00e9r\u00eat pour notre association.<br \/>\nLa raison d\u2019\u00eatre de l\u2019ARSER \u00e9tait et demeure : aider les patients souvent affaiblis, en s\u2019appuyant sur la recherche m\u00e9dicale, et en suscitant des \u00e9changes entre eux. L\u2019ARSER s\u2019est donn\u00e9 \u00e9galement comme mission d\u2019informer patients et m\u00e9decins des progr\u00e8s de la recherche et ses applications dans le domaine des s\u00e9quelles de la radioth\u00e9rapie.<\/p>\n<p><strong>Roselyne NICOLAS<\/strong>, Secr\u00e9taire G\u00e9n\u00e9rale de l\u2019ARSER, remercie les adh\u00e9rents(tes) d\u2019\u00eatre pr\u00e9sents(tes) elle remercie \u00e9galement les personnes qui ont accept\u00e9 les pouvoirs afin que le quorum soit atteint. Elle pr\u00e9cise que seuls les membres \u00e0 jour de leur cotisation en 2022 peuvent assister \u00e0 l\u2019Assembl\u00e9e G\u00e9n\u00e9rale Ordinaire et participer aux votes. (Soit en pr\u00e9sentiel, soit en envoyant leur pouvoir)<\/p>\n<p><strong>1 \u2013 RAPPORT D\u2019ACTIVITE<\/strong><br \/>\nLes actions d\u00e9but\u00e9es en 2021 ont \u00e9t\u00e9 poursuivies sur 2022.<br \/>\nEn particulier, <strong>l\u2019am\u00e9lioration du r\u00e9f\u00e9rencement (SEO) du site Internet et sa migration vers un nouvel h\u00e9bergeur<\/strong> en 2022 : il a \u00e9t\u00e9 visit\u00e9 17 188 fois par 10 231 visiteurs diff\u00e9rents, preuve qu\u2019il est beaucoup plus \u00ab visible \u00bb et possiblement utile. De son c\u00f4t\u00e9, Google nous indique que, par son interm\u00e9diaire, il y a eu sur les trois derniers mois un \u00e9quivalent annuel d\u2019environ 2 740 visiteurs du site ; le diff\u00e9rentiel entre ces deux chiffres \u00e9tant imputable aux spams, etc., ainsi qu\u2019aux visiteurs arrivant directement par des liens externes (favoris du navigateur, sites autres qu\u2019ARSER, etc.).<br \/>\n<strong>&#8211; Le BUREAU :<\/strong><br \/>\nLe bureau a continu\u00e9 \u00e0 \u0153uvrer pour le bon fonctionnement de l\u2019ARSER en pr\u00e9sentiel, comme en visio, afin de poursuivre ses actions et proposer des t\u00e9moignages de patients qui ont accept\u00e9s de partager leur histoire singuli\u00e8re.<\/p>\n<p><strong>2 &#8211; BILAN FINANCIER au 31 12 2022<\/strong><br \/>\nLe r\u00e9sultat net de l\u2019exercice 2022 est de 5 832,20 \u20ac, se d\u00e9composant en 4 855 \u20ac (versus 6 780 \u20ac en 2021) de cotisations, et 2 845,01 \u20ac de dons (versus 3 030 \u20ac en 2021) pour la Recherche m\u00e9dicale (Livret A \u00e0 65.000 \u20ac).<br \/>\nCe bilan financier atteste d\u2019une r\u00e9duction d\u2019un tiers de cotisations. Une des causes avanc\u00e9es a \u00e9t\u00e9 les cons\u00e9quences de d\u00e9stabilisation de la p\u00e9riode Covid sur la sant\u00e9 de nos membres, comme dans la r\u00e9duction de l\u2019assiduit\u00e9 du suivi de consultation.<\/p>\n<p><strong>3 &#8211; BUDGET PREVISIONNEL 2023<\/strong><br \/>\nLe budget pr\u00e9visionnel est de 1 832,51 \u20ac en d\u00e9penses et 5.000,00 \u20ac en cotisations, auxquels s\u2019ajoute un pr\u00e9visionnel de 3.000 \u20ac de dons pour la Recherche m\u00e9dicale.<\/p>\n<p><em><strong>Le bilan 2022 et le budget pr\u00e9visionnel 2023 sont mis au vote et ont \u00e9t\u00e9 approuv\u00e9s \u00e0 l\u2019unanimit\u00e9 des membres pr\u00e9sents ou repr\u00e9sent\u00e9s.<\/strong><\/em><\/p>\n<p style=\"text-align: left;\"><strong>4 &#8211; Membres du CONSEIL D\u2019ADMINISTRATION<\/strong> actuels<br \/>\n&#8211; Pr Sylvie DELANIAN, Pr\u00e9sidente<br \/>\n&#8211; Pr Pierre-Fran\u00e7ois PRADAT, Vice-Pr\u00e9sident<br \/>\n&#8211; Roselyne NICOLAS, Secr\u00e9taire G\u00e9n\u00e9rale<br \/>\n&#8211; Benoit BRUET, Tr\u00e9sorier<br \/>\n&#8211; Jean-Pierre BRIOT, Responsable relations ext\u00e9rieures<br \/>\n&#8211; Jean VALLEE, administrateur, D\u00e9l\u00e9gu\u00e9 Bretagne<br \/>\n&#8211; Hans CARL, administrateur, D\u00e9l\u00e9gu\u00e9 Occitanie<br \/>\nNous proposons de renouveler leur mandat pour 3 ans.<br \/>\nCette proposition est mise au vote et a \u00e9t\u00e9 approuv\u00e9 \u00e0 l\u2019unanimit\u00e9 des membres pr\u00e9sents ou repr\u00e9sent\u00e9s<\/p>\n<p>Nouvelle candidature au conseil d\u2019administration :<br \/>\nIl est propos\u00e9 la candidature de Marie-Lise CHOPIN comme membre du bureau.<br \/>\n<strong>Cette proposition est mise au vote et a \u00e9t\u00e9 approuv\u00e9e \u00e0 l\u2019unanimit\u00e9 des membres pr\u00e9sents ou repr\u00e9sent\u00e9s.<\/strong><\/p>\n<p><strong>5 &#8211; Une Page FACEBOOK a \u00e9t\u00e9 cr\u00e9\u00e9e<\/strong> afin de nous faire conna\u00eetre en dirigeant plus facilement les patients en recherche d\u2019informations sur leur pathologie, vers le site de l\u2019ARSER. Cette d\u00e9marche est un lien de modernit\u00e9, si vous avez une page Facebook n\u2019h\u00e9sitez pas \u00e0 faire conna\u00eetre celle de l\u2019ARSER ?<\/p>\n<p><strong>6 &#8211; DONS A L\u2019ARSER et d\u00e9duction fiscale<\/strong>. Une nouvelle demande vient enfin d\u2019aboutir !<br \/>\nL\u2019Arser a enfin \u00e9t\u00e9 reconnue \u00e9ligible par l\u2019administration fiscale la DGFIP en janvier 2023 au <strong>r\u00e9gime du m\u00e9c\u00e9nat<\/strong> pr\u00e9vu par le Code g\u00e9n\u00e9ral des imp\u00f4ts, en tant qu\u2019organisme d&rsquo;int\u00e9r\u00eat g\u00e9n\u00e9ral, du fait de ses activit\u00e9s \u00e0 caract\u00e8re scientifique (dons qui concourent \u00e0 la d\u00e9couverte de piste de traitement, avec un conseil scientifique) et social (venir en aide \u00e0 des personnes en situation de difficult\u00e9). Cela signifie que les dons \u00e0 l\u2019ARSER pourront \u00eatre d\u00e9ductible de l\u2019imp\u00f4t sur le revenu (et pas seulement la cotisation).<\/p>\n<p><strong>7 &#8211;<\/strong> Afin de dynamiser les <strong>FORUMS de discussion<\/strong> en ligne : nous avons poursuivi la diffusion \u00e0 tous les adh\u00e9rents des t\u00e9moignages de patients \u00ab grands t\u00e9moins \u00bb ou \u00ab patients experts \u00bb. Chaque patient avec une pathologie \u00e9volu\u00e9e devient un \u00ab patient expert \u00bb, c\u2019est-\u00e0-dire qui a d\u00e9velopp\u00e9 au fil du temps une connaissance fine des s\u00e9quelles dont il souffre et peut en rendre compte, ce qui peut aider d\u2019autres patients<br \/>\nplus \u00ab novices \u00bb.<br \/>\n<strong>Le bilan d\u2019activit\u00e9 a \u00e9t\u00e9 mis au vote et a \u00e9t\u00e9 approuv\u00e9 \u00e0 l\u2019unanimit\u00e9 des membres pr\u00e9sents ou repr\u00e9sent\u00e9s.<\/strong><\/p>\n<p><strong>8 &#8211; Le d\u00e9veloppement de l\u2019ARSER \u00e0 l\u2019\u00e9tranger<\/strong>, en particulier en Suisse. Le d\u00e9veloppement du site de l\u2019ARSER Suisse est toujours en cours. Il a pris quelque retard qui devrait \u00eatre rattrap\u00e9.<\/p>\n<p><strong>9 \u2013 QUITUS \u00e0 la Pr\u00e9sidente et au Conseil d\u2019Administration<\/strong><br \/>\n<strong>A l\u2019unanimit\u00e9, le quitus est donn\u00e9 \u00e0 Sylvie DELANIAN, Pr\u00e9sidente, et au Conseil d\u2019Administration. <\/strong><\/p>\n<p><strong>10 &#8211; Rapport d\u2019orientation :<\/strong><br \/>\nEn 2023 nous allons poursuivre les actions 2022, afin que notre association soit mieux connue et permette une orientation optimale des patients vers des professionnels m\u00e9dicaux comp\u00e9tents.<br \/>\n<strong>Le rapport d\u2019orientation a \u00e9t\u00e9 mis au vote et est approuv\u00e9 \u00e0 l\u2019unanimit\u00e9 des membres pr\u00e9sents ou repr\u00e9sent\u00e9s.<\/strong><\/p>\n<p style=\"text-align: left;\"><strong>11 \u2013 Changement du montant de l\u2019Adh\u00e9sion :<\/strong><br \/>\nDu fait de l\u2019inflation, un r\u00e9ajustement de l\u2019adh\u00e9sion a \u00e9t\u00e9 propos\u00e9 \u00e0 35\u20ac pour 2024.<br \/>\nCette proposition est mise au vote et elle est approuv\u00e9e \u00e0 l\u2019unanimit\u00e9 des membres pr\u00e9sents ou repr\u00e9sent\u00e9s.<\/p>\n<p><strong>12- \u00c9changes et questions diverses<\/strong> : place de l\u2019intelligence artificielle en oncologie et s\u00e9quelles de la radioth\u00e9rapie ? Diffusion universitaire ? Diffusion dans les m\u00e9dias ?<strong> En particulier, <\/strong><\/p>\n<p><strong>Le Pr Delanian a partag\u00e9 ses interrogations sur l\u2019impact de l\u2019infection virale Sars Cov2, ou de ses <\/strong><strong>vaccins, sur les s\u00e9quelles de la radioth\u00e9rapie. <\/strong><br \/>\n<strong>Plus du tiers des patients souffrant de s\u00e9quelles radio-induites majeures ont pr\u00e9sent\u00e9 une aggravation de <\/strong><strong>leur pathologie, en volume irradi\u00e9, dans les 2 \u00e0 4 semaines qui ont suivi un Covid (ou son vaccin), m\u00eame <\/strong><strong>peu symptomatique entre 2020 et 2023. Cette pouss\u00e9e s\u2019est d\u00e9velopp\u00e9e, \u00ab comme un vent violent sur des <\/strong><strong>braises en for\u00eat \u00bb, pendant 1 \u00e0 2 mois. <\/strong><br \/>\n<strong>Un des m\u00e9canismes \u00e9voqu\u00e9s pourrait \u00eatre la proximit\u00e9 de l\u2019atteinte tissulaire de Covid et de la fibrose <\/strong><strong>radio-induite, de par leur toxicit\u00e9 apparent\u00e9e de type microvasculaire et matriciel, permettant une <\/strong><strong>synergie toxique en volume irradi\u00e9, telle qu\u2019observ\u00e9e dans la plexite radio-induite. Ce ph\u00e9nom\u00e8ne de <\/strong><strong>pouss\u00e9e a pu \u00eatre \u00e9galement amplifi\u00e9 dans les s\u00e9quelles \u00e0 composante septique (infection bact\u00e9rienne) <\/strong><strong>telle que l\u2019ost\u00e9oradion\u00e9crose. <\/strong><br \/>\n<strong>Si les facteurs d\u2019aggravation d\u2019une pathologie radio-induite sont aujourd\u2019hui bien identifi\u00e9s (traumatique, <\/strong><strong>bact\u00e9rien, vasculaire &#8230;), ce nouvel acteur Covid a pris et continue de prendre le devant de la sc\u00e8ne chez <\/strong><br \/>\n<strong>certains patients, mais il est peu souvent pris en compte par le patient lui-m\u00eame ou ses m\u00e9decins. <\/strong><br \/>\n<strong>Ce constat n\u2019a pas fait l\u2019objet d\u2019une publication scientifique (en pr\u00e9paration), mais a permis de soigner et <\/strong><strong>conseiller dans l\u2019urgence et l\u2019absence de connaissance \u00e9tablie. <\/strong><\/p>\n<p><strong>Une discussion a \u00e9t\u00e9 engag\u00e9e \u00e9galement sur l\u2019impact de l\u2019intelligence artificielle (IA) et la <\/strong><strong>radioth\u00e9rapie et ses s\u00e9quelles et fait l\u2019objet du prochain \u00e9ditorial (JP Briot). <\/strong><\/p>\n<p><strong>De nombreux \u00e9changes ont eu lieu entre les personnes pr\u00e9sentes dans la convivialit\u00e9 habituelle de <\/strong><br \/>\n<strong>notre association.<\/strong><\/p>\n<p>Plus rien n\u2019\u00e9tant \u00e0 l\u2019Ordre du Jour de l\u2019Assembl\u00e9e G\u00e9n\u00e9rale Ordinaire la s\u00e9ance est lev\u00e9e \u00e0 12h.<\/p>\n<p><strong>Pr Sylvie DELANIAN<\/strong>, Pr\u00e9sidente de l\u2019ARSER\u00a0 \u00a0 \u00a0 \u00a0 \u00a0 \u00a0 <strong>Roselyne NICOLAS<\/strong>, Secr\u00e9taire G\u00e9n\u00e9rale de ARSER<\/p>","protected":false},"excerpt":{"rendered":"<p>Les membres de l\u2019Association ont \u00e9t\u00e9 convoqu\u00e9s par courrier \u00e9lectronique le 03 avril 2023 \u00e0 participer \u00e0 l\u2018Assembl\u00e9e G\u00e9n\u00e9rale Ordinaire (AGO) de l\u2019ARSER, en pr\u00e9sentiel, \u00e0 la Maison des Association salle 4, au 16 rue des Gravier \u00e0 92522 Neuilly Sur Seine Cedex. 25 adh\u00e9rents de l\u2019ARSER ont particip\u00e9 \u00e0 cette AGO : 7 pr\u00e9sents &hellip; <a href=\"https:\/\/resra.bruet.com\/fr\/compte-rendu-de-lassemblee-generale-ordinaire-du-22-avril-2023\/\" class=\"more-link\">Continuer la lecture<span class=\"screen-reader-text\"> de &laquo;&nbsp;Compte-rendu de L\u2019ASSEMBLEE GENERALE ORDINAIRE du 22 avril 2023&nbsp;&raquo;<\/span><\/a><\/p>\n","protected":false},"author":1519,"featured_media":0,"comment_status":"closed","ping_status":"closed","sticky":false,"template":"","format":"standard","meta":{"_bbp_topic_count":0,"_bbp_reply_count":0,"_bbp_total_topic_count":0,"_bbp_total_reply_count":0,"_bbp_voice_count":0,"_bbp_anonymous_reply_count":0,"_bbp_topic_count_hidden":0,"_bbp_reply_count_hidden":0,"_bbp_forum_subforum_count":0,"footnotes":""},"categories":[9],"tags":[],"class_list":["post-18615","post","type-post","status-publish","format-standard","hentry","category-chroniques"],"yoast_head":"<!-- This site is optimized with the Yoast SEO plugin v27.1.1 - https:\/\/yoast.com\/product\/yoast-seo-wordpress\/ -->\r\n<title>Compte-rendu de L\u2019ASSEMBLEE GENERALE ORDINAIRE du 22 avril 2023 - Association pour la Recherche sur les S\u00e9quelles de la Radioth\u00e9rapie<\/title>\r\n<meta name=\"robots\" content=\"index, follow, max-snippet:-1, max-image-preview:large, max-video-preview:-1\" \/>\r\n<link rel=\"canonical\" href=\"https:\/\/resra.bruet.com\/fr\/compte-rendu-de-lassemblee-generale-ordinaire-du-22-avril-2023\/\" \/>\r\n<meta property=\"og:locale\" content=\"fr_FR\" \/>\r\n<meta property=\"og:type\" content=\"article\" \/>\r\n<meta property=\"og:title\" content=\"Compte-rendu de L\u2019ASSEMBLEE GENERALE ORDINAIRE du 22 avril 2023 - Association pour la Recherche sur les S\u00e9quelles de la Radioth\u00e9rapie\" \/>\r\n<meta property=\"og:description\" content=\"Les membres de l\u2019Association ont \u00e9t\u00e9 convoqu\u00e9s par courrier \u00e9lectronique le 03 avril 2023 \u00e0 participer \u00e0 l\u2018Assembl\u00e9e G\u00e9n\u00e9rale Ordinaire (AGO) de l\u2019ARSER, en pr\u00e9sentiel, \u00e0 la Maison des Association salle 4, au 16 rue des Gravier \u00e0 92522 Neuilly Sur Seine Cedex. 25 adh\u00e9rents de l\u2019ARSER ont particip\u00e9 \u00e0 cette AGO : 7 pr\u00e9sents &hellip; Continuer la lecture de &laquo;&nbsp;Compte-rendu de L\u2019ASSEMBLEE GENERALE ORDINAIRE du 22 avril 2023&nbsp;&raquo;\" \/>\r\n<meta property=\"og:url\" content=\"https:\/\/resra.bruet.com\/fr\/compte-rendu-de-lassemblee-generale-ordinaire-du-22-avril-2023\/\" \/>\r\n<meta property=\"og:site_name\" content=\"Association pour la Recherche sur les S\u00e9quelles de la Radioth\u00e9rapie\" \/>\r\n<meta property=\"article:publisher\" content=\"https:\/\/www.facebook.com\/profile.php?id=100086562396208\" \/>\r\n<meta property=\"article:published_time\" content=\"2023-05-10T16:44:03+00:00\" \/>\r\n<meta property=\"article:modified_time\" content=\"2024-05-07T17:21:26+00:00\" \/>\r\n<meta name=\"author\" content=\"AdminArser\" \/>\r\n<meta name=\"twitter:card\" content=\"summary_large_image\" \/>\r\n<meta name=\"twitter:label1\" content=\"\u00c9crit par\" \/>\n\t<meta name=\"twitter:data1\" content=\"AdminArser\" \/>\n\t<meta name=\"twitter:label2\" content=\"Dur\u00e9e de lecture estim\u00e9e\" \/>\n\t<meta name=\"twitter:data2\" content=\"7 minutes\" \/>\r\n<script type=\"application\/ld+json\" class=\"yoast-schema-graph\">{\"@context\":\"https:\/\/schema.org\",\"@graph\":[{\"@type\":\"Article\",\"@id\":\"https:\/\/resra.bruet.com\/compte-rendu-de-lassemblee-generale-ordinaire-du-22-avril-2023\/#article\",\"isPartOf\":{\"@id\":\"https:\/\/resra.bruet.com\/compte-rendu-de-lassemblee-generale-ordinaire-du-22-avril-2023\/\"},\"author\":{\"name\":\"AdminArser\",\"@id\":\"https:\/\/resra.bruet.com\/#\/schema\/person\/bfd4d66106ac18baa3e8c590ef0409e5\"},\"headline\":\"Compte-rendu de L\u2019ASSEMBLEE GENERALE ORDINAIRE du 22 avril 2023\",\"datePublished\":\"2023-05-10T16:44:03+00:00\",\"dateModified\":\"2024-05-07T17:21:26+00:00\",\"mainEntityOfPage\":{\"@id\":\"https:\/\/resra.bruet.com\/compte-rendu-de-lassemblee-generale-ordinaire-du-22-avril-2023\/\"},\"wordCount\":1476,\"publisher\":{\"@id\":\"https:\/\/resra.bruet.com\/#organization\"},\"articleSection\":[\"Chroniques\"],\"inLanguage\":\"fr-FR\"},{\"@type\":\"WebPage\",\"@id\":\"https:\/\/resra.bruet.com\/fr\/compte-rendu-de-lassemblee-generale-ordinaire-du-22-avril-2023\/\",\"url\":\"https:\/\/resra.bruet.com\/fr\/compte-rendu-de-lassemblee-generale-ordinaire-du-22-avril-2023\/\",\"name\":\"Compte-rendu de L\u2019ASSEMBLEE GENERALE ORDINAIRE du 22 avril 2023 - Association pour la Recherche sur les S\u00e9quelles de la Radioth\u00e9rapie\",\"isPartOf\":{\"@id\":\"https:\/\/resra.bruet.com\/fr\/#website\"},\"datePublished\":\"2023-05-10T16:44:03+00:00\",\"dateModified\":\"2024-05-07T17:21:26+00:00\",\"breadcrumb\":{\"@id\":\"https:\/\/resra.bruet.com\/fr\/compte-rendu-de-lassemblee-generale-ordinaire-du-22-avril-2023\/#breadcrumb\"},\"inLanguage\":\"fr-FR\",\"potentialAction\":[{\"@type\":\"ReadAction\",\"target\":[[\"https:\/\/resra.bruet.com\/fr\/compte-rendu-de-lassemblee-generale-ordinaire-du-22-avril-2023\/\"]]}]},{\"@type\":\"BreadcrumbList\",\"@id\":\"https:\/\/resra.bruet.com\/fr\/compte-rendu-de-lassemblee-generale-ordinaire-du-22-avril-2023\/#breadcrumb\",\"itemListElement\":[{\"@type\":\"ListItem\",\"position\":1,\"name\":\"Accueil\",\"item\":\"https:\/\/resra.bruet.com\/fr\/\"},{\"@type\":\"ListItem\",\"position\":2,\"name\":\"Compte-rendu de L\u2019ASSEMBLEE GENERALE ORDINAIRE du 22 avril 2023\"}]},{\"@type\":\"WebSite\",\"@id\":\"https:\/\/resra.bruet.com\/fr\/#website\",\"url\":\"https:\/\/resra.bruet.com\/fr\/\",\"name\":\"Association pour la Recherche sur les S\u00e9quelles de la Radioth\u00e9rapie\",\"description\":\"Aider les patients ayant suivi une radioth\u00e9rapie \u00e0 en minimiser les s\u00e9quelles\",\"publisher\":{\"@id\":\"https:\/\/resra.bruet.com\/fr\/#organization\"},\"potentialAction\":[{\"@type\":\"SearchAction\",\"target\":{\"@type\":\"EntryPoint\",\"urlTemplate\":\"https:\/\/resra.bruet.com\/fr\/?s={search_term_string}\"},\"query-input\":{\"@type\":\"PropertyValueSpecification\",\"valueRequired\":true,\"valueName\":\"search_term_string\"}}],\"inLanguage\":\"fr-FR\"},{\"@type\":\"Organization\",\"@id\":\"https:\/\/resra.bruet.com\/fr\/#organization\",\"name\":\"Association pour la Recherche sur les S\u00e9quelles de la Radioth\u00e9rapie\",\"url\":\"https:\/\/resra.bruet.com\/fr\/\",\"logo\":{\"@type\":\"ImageObject\",\"inLanguage\":\"fr-FR\",\"@id\":\"https:\/\/resra.bruet.com\/fr\/#\/schema\/logo\/image\/\",\"url\":\"https:\/\/resra.bruet.com\/wp-content\/uploads\/2022\/03\/logo-Grand-ARSER-web-carre.jpg\",\"contentUrl\":\"https:\/\/resra.bruet.com\/wp-content\/uploads\/2022\/03\/logo-Grand-ARSER-web-carre.jpg\",\"width\":300,\"height\":300,\"caption\":\"Association pour la Recherche sur les S\u00e9quelles de la Radioth\u00e9rapie\"},\"image\":{\"@id\":\"https:\/\/resra.bruet.com\/fr\/#\/schema\/logo\/image\/\"},\"sameAs\":[\"https:\/\/www.facebook.com\/profile.php?id=100086562396208\"]},{\"@type\":\"Person\",\"@id\":\"https:\/\/resra.bruet.com\/#\/schema\/person\/bfd4d66106ac18baa3e8c590ef0409e5\",\"name\":\"AdminArser\",\"image\":{\"@type\":\"ImageObject\",\"inLanguage\":\"fr-FR\",\"@id\":\"https:\/\/resra.bruet.com\/fr\/#\/schema\/person\/image\/\",\"url\":\"https:\/\/secure.gravatar.com\/avatar\/843f6acdab194e0868e42182ea477beb5f6728f13aec135eba9b31e4308ecc64?s=96&d=blank&r=g\",\"contentUrl\":\"https:\/\/secure.gravatar.com\/avatar\/843f6acdab194e0868e42182ea477beb5f6728f13aec135eba9b31e4308ecc64?s=96&d=blank&r=g\",\"caption\":\"AdminArser\"},\"url\":\"https:\/\/resra.bruet.com\/fr\/author\/adminarser\/\"}]}<\/script>\r\n<!-- \/ Yoast SEO plugin. -->","yoast_head_json":{"title":"Compte-rendu de L\u2019ASSEMBLEE GENERALE ORDINAIRE du 22 avril 2023 - Association pour la Recherche sur les S\u00e9quelles de la Radioth\u00e9rapie","robots":{"index":"index","follow":"follow","max-snippet":"max-snippet:-1","max-image-preview":"max-image-preview:large","max-video-preview":"max-video-preview:-1"},"canonical":"https:\/\/resra.bruet.com\/fr\/compte-rendu-de-lassemblee-generale-ordinaire-du-22-avril-2023\/","og_locale":"fr_FR","og_type":"article","og_title":"Compte-rendu de L\u2019ASSEMBLEE GENERALE ORDINAIRE du 22 avril 2023 - Association pour la Recherche sur les S\u00e9quelles de la Radioth\u00e9rapie","og_description":"Les membres de l\u2019Association ont \u00e9t\u00e9 convoqu\u00e9s par courrier \u00e9lectronique le 03 avril 2023 \u00e0 participer \u00e0 l\u2018Assembl\u00e9e G\u00e9n\u00e9rale Ordinaire (AGO) de l\u2019ARSER, en pr\u00e9sentiel, \u00e0 la Maison des Association salle 4, au 16 rue des Gravier \u00e0 92522 Neuilly Sur Seine Cedex. 25 adh\u00e9rents de l\u2019ARSER ont particip\u00e9 \u00e0 cette AGO : 7 pr\u00e9sents &hellip; Continuer la lecture de &laquo;&nbsp;Compte-rendu de L\u2019ASSEMBLEE GENERALE ORDINAIRE du 22 avril 2023&nbsp;&raquo;","og_url":"https:\/\/resra.bruet.com\/fr\/compte-rendu-de-lassemblee-generale-ordinaire-du-22-avril-2023\/","og_site_name":"Association pour la Recherche sur les S\u00e9quelles de la Radioth\u00e9rapie","article_publisher":"https:\/\/www.facebook.com\/profile.php?id=100086562396208","article_published_time":"2023-05-10T16:44:03+00:00","article_modified_time":"2024-05-07T17:21:26+00:00","author":"AdminArser","twitter_card":"summary_large_image","twitter_misc":{"\u00c9crit par":"AdminArser","Dur\u00e9e de lecture estim\u00e9e":"7 minutes"},"schema":{"@context":"https:\/\/schema.org","@graph":[{"@type":"Article","@id":"https:\/\/resra.bruet.com\/compte-rendu-de-lassemblee-generale-ordinaire-du-22-avril-2023\/#article","isPartOf":{"@id":"https:\/\/resra.bruet.com\/compte-rendu-de-lassemblee-generale-ordinaire-du-22-avril-2023\/"},"author":{"name":"AdminArser","@id":"https:\/\/resra.bruet.com\/#\/schema\/person\/bfd4d66106ac18baa3e8c590ef0409e5"},"headline":"Compte-rendu de L\u2019ASSEMBLEE GENERALE ORDINAIRE du 22 avril 2023","datePublished":"2023-05-10T16:44:03+00:00","dateModified":"2024-05-07T17:21:26+00:00","mainEntityOfPage":{"@id":"https:\/\/resra.bruet.com\/compte-rendu-de-lassemblee-generale-ordinaire-du-22-avril-2023\/"},"wordCount":1476,"publisher":{"@id":"https:\/\/resra.bruet.com\/#organization"},"articleSection":["Chroniques"],"inLanguage":"fr-FR"},{"@type":"WebPage","@id":"https:\/\/resra.bruet.com\/fr\/compte-rendu-de-lassemblee-generale-ordinaire-du-22-avril-2023\/","url":"https:\/\/resra.bruet.com\/fr\/compte-rendu-de-lassemblee-generale-ordinaire-du-22-avril-2023\/","name":"Compte-rendu de L\u2019ASSEMBLEE GENERALE ORDINAIRE du 22 avril 2023 - Association pour la Recherche sur les S\u00e9quelles de la Radioth\u00e9rapie","isPartOf":{"@id":"https:\/\/resra.bruet.com\/fr\/#website"},"datePublished":"2023-05-10T16:44:03+00:00","dateModified":"2024-05-07T17:21:26+00:00","breadcrumb":{"@id":"https:\/\/resra.bruet.com\/fr\/compte-rendu-de-lassemblee-generale-ordinaire-du-22-avril-2023\/#breadcrumb"},"inLanguage":"fr-FR","potentialAction":[{"@type":"ReadAction","target":[["https:\/\/resra.bruet.com\/fr\/compte-rendu-de-lassemblee-generale-ordinaire-du-22-avril-2023\/"]]}]},{"@type":"BreadcrumbList","@id":"https:\/\/resra.bruet.com\/fr\/compte-rendu-de-lassemblee-generale-ordinaire-du-22-avril-2023\/#breadcrumb","itemListElement":[{"@type":"ListItem","position":1,"name":"Accueil","item":"https:\/\/resra.bruet.com\/fr\/"},{"@type":"ListItem","position":2,"name":"Compte-rendu de L\u2019ASSEMBLEE GENERALE ORDINAIRE du 22 avril 2023"}]},{"@type":"WebSite","@id":"https:\/\/resra.bruet.com\/fr\/#website","url":"https:\/\/resra.bruet.com\/fr\/","name":"Association pour la Recherche sur les S\u00e9quelles de la Radioth\u00e9rapie","description":"Aider les patients ayant suivi une radioth\u00e9rapie \u00e0 en minimiser les s\u00e9quelles","publisher":{"@id":"https:\/\/resra.bruet.com\/fr\/#organization"},"potentialAction":[{"@type":"SearchAction","target":{"@type":"EntryPoint","urlTemplate":"https:\/\/resra.bruet.com\/fr\/?s={search_term_string}"},"query-input":{"@type":"PropertyValueSpecification","valueRequired":true,"valueName":"search_term_string"}}],"inLanguage":"fr-FR"},{"@type":"Organization","@id":"https:\/\/resra.bruet.com\/fr\/#organization","name":"Association pour la Recherche sur les S\u00e9quelles de la Radioth\u00e9rapie","url":"https:\/\/resra.bruet.com\/fr\/","logo":{"@type":"ImageObject","inLanguage":"fr-FR","@id":"https:\/\/resra.bruet.com\/fr\/#\/schema\/logo\/image\/","url":"https:\/\/resra.bruet.com\/wp-content\/uploads\/2022\/03\/logo-Grand-ARSER-web-carre.jpg","contentUrl":"https:\/\/resra.bruet.com\/wp-content\/uploads\/2022\/03\/logo-Grand-ARSER-web-carre.jpg","width":300,"height":300,"caption":"Association pour la Recherche sur les S\u00e9quelles de la Radioth\u00e9rapie"},"image":{"@id":"https:\/\/resra.bruet.com\/fr\/#\/schema\/logo\/image\/"},"sameAs":["https:\/\/www.facebook.com\/profile.php?id=100086562396208"]},{"@type":"Person","@id":"https:\/\/resra.bruet.com\/#\/schema\/person\/bfd4d66106ac18baa3e8c590ef0409e5","name":"AdminArser","image":{"@type":"ImageObject","inLanguage":"fr-FR","@id":"https:\/\/resra.bruet.com\/fr\/#\/schema\/person\/image\/","url":"https:\/\/secure.gravatar.com\/avatar\/843f6acdab194e0868e42182ea477beb5f6728f13aec135eba9b31e4308ecc64?s=96&d=blank&r=g","contentUrl":"https:\/\/secure.gravatar.com\/avatar\/843f6acdab194e0868e42182ea477beb5f6728f13aec135eba9b31e4308ecc64?s=96&d=blank&r=g","caption":"AdminArser"},"url":"https:\/\/resra.bruet.com\/fr\/author\/adminarser\/"}]}},"_links":{"self":[{"href":"https:\/\/resra.bruet.com\/fr\/wp-json\/wp\/v2\/posts\/18615","targetHints":{"allow":["GET"]}}],"collection":[{"href":"https:\/\/resra.bruet.com\/fr\/wp-json\/wp\/v2\/posts"}],"about":[{"href":"https:\/\/resra.bruet.com\/fr\/wp-json\/wp\/v2\/types\/post"}],"author":[{"embeddable":true,"href":"https:\/\/resra.bruet.com\/fr\/wp-json\/wp\/v2\/users\/1519"}],"replies":[{"embeddable":true,"href":"https:\/\/resra.bruet.com\/fr\/wp-json\/wp\/v2\/comments?post=18615"}],"version-history":[{"count":2,"href":"https:\/\/resra.bruet.com\/fr\/wp-json\/wp\/v2\/posts\/18615\/revisions"}],"predecessor-version":[{"id":18617,"href":"https:\/\/resra.bruet.com\/fr\/wp-json\/wp\/v2\/posts\/18615\/revisions\/18617"}],"wp:attachment":[{"href":"https:\/\/resra.bruet.com\/fr\/wp-json\/wp\/v2\/media?parent=18615"}],"wp:term":[{"taxonomy":"category","embeddable":true,"href":"https:\/\/resra.bruet.com\/fr\/wp-json\/wp\/v2\/categories?post=18615"},{"taxonomy":"post_tag","embeddable":true,"href":"https:\/\/resra.bruet.com\/fr\/wp-json\/wp\/v2\/tags?post=18615"}],"curies":[{"name":"wp","href":"https:\/\/api.w.org\/{rel}","templated":true}]}}