{"id":1755,"date":"2017-08-31T11:48:11","date_gmt":"2017-08-31T09:48:11","guid":{"rendered":"http:\/\/arser.org\/?p=1755"},"modified":"2017-10-09T23:59:43","modified_gmt":"2017-10-09T21:59:43","slug":"philippe-remigius-nous-a-quittes","status":"publish","type":"post","link":"https:\/\/resra.bruet.com\/fr\/philippe-remigius-nous-a-quittes\/","title":{"rendered":"Philippe REMIGIUS nous a quitt\u00e9s"},"content":{"rendered":"<p>C\u2019est avec une grande \u00e9motion que nous vous annon\u00e7ons la disparition de Philippe REMIGIUS, notre Tr\u00e9sorier, qui nous a quitt\u00e9s dans la nuit du lundi 28 ao\u00fbt 2017, \u00e0 l\u2019\u00e2ge de 65 ans, apr\u00e8s deux mois d\u2019hospitalisation et de complications post-op\u00e9ratoires.<\/p>\n<p>Depuis mars 2014, Philippe s\u2019\u00e9tait investi dans notre Association. Il \u00e9tait membre du Conseil d\u2019administration et avait mis ses comp\u00e9tences de dirigeant et d\u2019ing\u00e9nieur au service de l\u2019ARSER. C\u2019est avec d\u00e9termination qu\u2019il avait pris en charge la comptabilit\u00e9, les relations avec la banque et la gestion des fichiers informatiques.<\/p>\n<p>Philippe a toujours fait preuve d\u2019une grande rigueur. Homme de confiance, pr\u00e9cis, \u00e0 l\u2019esprit vif et ma\u00eetrisant les chiffres, il a apport\u00e9 un grand soutien \u00e0 l\u2019ARSER. L\u2019absence de Philippe, qui \u00e9tait devenu un ami, est difficile \u00e0 accepter. Il nous manque d\u00e9j\u00e0.<\/p>\n<p>Au nom de tous les adh\u00e9rents de l\u2019ARSR, nous pr\u00e9sentons nos condol\u00e9ances \u00e0 sa famille.<\/p>\n<p>Sylvie Delanian et les membres du Conseil d\u2019administration<\/p>\n","protected":false},"excerpt":{"rendered":"<p>C\u2019est avec une grande \u00e9motion que nous vous annon\u00e7ons la disparition de Philippe REMIGIUS, notre Tr\u00e9sorier, qui nous a quitt\u00e9s dans la nuit du lundi 28 ao\u00fbt 2017, \u00e0 l\u2019\u00e2ge de 65 ans, apr\u00e8s deux mois d\u2019hospitalisation et de complications post-op\u00e9ratoires. Depuis mars 2014, Philippe s\u2019\u00e9tait investi dans notre Association. Il \u00e9tait membre du Conseil &hellip; <a href=\"https:\/\/resra.bruet.com\/fr\/philippe-remigius-nous-a-quittes\/\" class=\"more-link\">Continuer la lecture<span class=\"screen-reader-text\"> de &laquo;&nbsp;Philippe REMIGIUS nous a quitt\u00e9s&nbsp;&raquo;<\/span><\/a><\/p>\n","protected":false},"author":2,"featured_media":0,"comment_status":"closed","ping_status":"closed","sticky":false,"template":"","format":"standard","meta":{"_bbp_topic_count":0,"_bbp_reply_count":0,"_bbp_total_topic_count":0,"_bbp_total_reply_count":0,"_bbp_voice_count":0,"_bbp_anonymous_reply_count":0,"_bbp_topic_count_hidden":0,"_bbp_reply_count_hidden":0,"_bbp_forum_subforum_count":0,"footnotes":""},"categories":[9],"tags":[],"class_list":["post-1755","post","type-post","status-publish","format-standard","hentry","category-chroniques"],"yoast_head":"<!-- This site is optimized with the Yoast SEO plugin v27.1.1 - https:\/\/yoast.com\/product\/yoast-seo-wordpress\/ -->\r\n<title>Philippe REMIGIUS nous a quitt\u00e9s - Association pour la Recherche sur les S\u00e9quelles de la Radioth\u00e9rapie<\/title>\r\n<meta name=\"robots\" content=\"index, follow, max-snippet:-1, max-image-preview:large, max-video-preview:-1\" \/>\r\n<link rel=\"canonical\" href=\"https:\/\/resra.bruet.com\/fr\/philippe-remigius-nous-a-quittes\/\" \/>\r\n<meta property=\"og:locale\" content=\"fr_FR\" \/>\r\n<meta property=\"og:type\" content=\"article\" \/>\r\n<meta property=\"og:title\" content=\"Philippe REMIGIUS nous a quitt\u00e9s - Association pour la Recherche sur les S\u00e9quelles de la Radioth\u00e9rapie\" \/>\r\n<meta property=\"og:description\" content=\"C\u2019est avec une grande \u00e9motion que nous vous annon\u00e7ons la disparition de Philippe REMIGIUS, notre Tr\u00e9sorier, qui nous a quitt\u00e9s dans la nuit du lundi 28 ao\u00fbt 2017, \u00e0 l\u2019\u00e2ge de 65 ans, apr\u00e8s deux mois d\u2019hospitalisation et de complications post-op\u00e9ratoires. Depuis mars 2014, Philippe s\u2019\u00e9tait investi dans notre Association. Il \u00e9tait membre du Conseil &hellip; Continuer la lecture de &laquo;&nbsp;Philippe REMIGIUS nous a quitt\u00e9s&nbsp;&raquo;\" \/>\r\n<meta property=\"og:url\" content=\"https:\/\/resra.bruet.com\/fr\/philippe-remigius-nous-a-quittes\/\" \/>\r\n<meta property=\"og:site_name\" content=\"Association pour la Recherche sur les S\u00e9quelles de la Radioth\u00e9rapie\" \/>\r\n<meta property=\"article:publisher\" content=\"https:\/\/www.facebook.com\/profile.php?id=100086562396208\" \/>\r\n<meta property=\"article:published_time\" content=\"2017-08-31T09:48:11+00:00\" \/>\r\n<meta property=\"article:modified_time\" content=\"2017-10-09T21:59:43+00:00\" \/>\r\n<meta name=\"author\" content=\"Jean-Bernard\" \/>\r\n<meta name=\"twitter:card\" content=\"summary_large_image\" \/>\r\n<meta name=\"twitter:label1\" content=\"\u00c9crit par\" \/>\n\t<meta name=\"twitter:data1\" content=\"Jean-Bernard\" \/>\n\t<meta name=\"twitter:label2\" content=\"Dur\u00e9e de lecture estim\u00e9e\" \/>\n\t<meta name=\"twitter:data2\" content=\"1 minute\" \/>\r\n<script type=\"application\/ld+json\" class=\"yoast-schema-graph\">{\"@context\":\"https:\/\/schema.org\",\"@graph\":[{\"@type\":\"Article\",\"@id\":\"https:\/\/resra.bruet.com\/philippe-remigius-nous-a-quittes\/#article\",\"isPartOf\":{\"@id\":\"https:\/\/resra.bruet.com\/philippe-remigius-nous-a-quittes\/\"},\"author\":{\"name\":\"Jean-Bernard\",\"@id\":\"https:\/\/resra.bruet.com\/#\/schema\/person\/78885b426f78db7fa85ef9f396c25fc6\"},\"headline\":\"Philippe REMIGIUS nous a quitt\u00e9s\",\"datePublished\":\"2017-08-31T09:48:11+00:00\",\"dateModified\":\"2017-10-09T21:59:43+00:00\",\"mainEntityOfPage\":{\"@id\":\"https:\/\/resra.bruet.com\/philippe-remigius-nous-a-quittes\/\"},\"wordCount\":183,\"publisher\":{\"@id\":\"https:\/\/resra.bruet.com\/#organization\"},\"articleSection\":[\"Chroniques\"],\"inLanguage\":\"fr-FR\"},{\"@type\":\"WebPage\",\"@id\":\"https:\/\/resra.bruet.com\/fr\/philippe-remigius-nous-a-quittes\/\",\"url\":\"https:\/\/resra.bruet.com\/fr\/philippe-remigius-nous-a-quittes\/\",\"name\":\"Philippe REMIGIUS nous a quitt\u00e9s - Association pour la Recherche sur les S\u00e9quelles de la Radioth\u00e9rapie\",\"isPartOf\":{\"@id\":\"https:\/\/resra.bruet.com\/fr\/#website\"},\"datePublished\":\"2017-08-31T09:48:11+00:00\",\"dateModified\":\"2017-10-09T21:59:43+00:00\",\"breadcrumb\":{\"@id\":\"https:\/\/resra.bruet.com\/fr\/philippe-remigius-nous-a-quittes\/#breadcrumb\"},\"inLanguage\":\"fr-FR\",\"potentialAction\":[{\"@type\":\"ReadAction\",\"target\":[[\"https:\/\/resra.bruet.com\/fr\/philippe-remigius-nous-a-quittes\/\"]]}]},{\"@type\":\"BreadcrumbList\",\"@id\":\"https:\/\/resra.bruet.com\/fr\/philippe-remigius-nous-a-quittes\/#breadcrumb\",\"itemListElement\":[{\"@type\":\"ListItem\",\"position\":1,\"name\":\"Accueil\",\"item\":\"https:\/\/resra.bruet.com\/fr\/\"},{\"@type\":\"ListItem\",\"position\":2,\"name\":\"Philippe REMIGIUS nous a quitt\u00e9s\"}]},{\"@type\":\"WebSite\",\"@id\":\"https:\/\/resra.bruet.com\/fr\/#website\",\"url\":\"https:\/\/resra.bruet.com\/fr\/\",\"name\":\"Association pour la Recherche sur les S\u00e9quelles de la Radioth\u00e9rapie\",\"description\":\"Aider les patients ayant suivi une radioth\u00e9rapie \u00e0 en minimiser les s\u00e9quelles\",\"publisher\":{\"@id\":\"https:\/\/resra.bruet.com\/fr\/#organization\"},\"potentialAction\":[{\"@type\":\"SearchAction\",\"target\":{\"@type\":\"EntryPoint\",\"urlTemplate\":\"https:\/\/resra.bruet.com\/fr\/?s={search_term_string}\"},\"query-input\":{\"@type\":\"PropertyValueSpecification\",\"valueRequired\":true,\"valueName\":\"search_term_string\"}}],\"inLanguage\":\"fr-FR\"},{\"@type\":\"Organization\",\"@id\":\"https:\/\/resra.bruet.com\/fr\/#organization\",\"name\":\"Association pour la Recherche sur les S\u00e9quelles de la Radioth\u00e9rapie\",\"url\":\"https:\/\/resra.bruet.com\/fr\/\",\"logo\":{\"@type\":\"ImageObject\",\"inLanguage\":\"fr-FR\",\"@id\":\"https:\/\/resra.bruet.com\/fr\/#\/schema\/logo\/image\/\",\"url\":\"https:\/\/resra.bruet.com\/wp-content\/uploads\/2022\/03\/logo-Grand-ARSER-web-carre.jpg\",\"contentUrl\":\"https:\/\/resra.bruet.com\/wp-content\/uploads\/2022\/03\/logo-Grand-ARSER-web-carre.jpg\",\"width\":300,\"height\":300,\"caption\":\"Association pour la Recherche sur les S\u00e9quelles de la Radioth\u00e9rapie\"},\"image\":{\"@id\":\"https:\/\/resra.bruet.com\/fr\/#\/schema\/logo\/image\/\"},\"sameAs\":[\"https:\/\/www.facebook.com\/profile.php?id=100086562396208\"]},{\"@type\":\"Person\",\"@id\":\"https:\/\/resra.bruet.com\/#\/schema\/person\/78885b426f78db7fa85ef9f396c25fc6\",\"name\":\"Jean-Bernard\",\"image\":{\"@type\":\"ImageObject\",\"inLanguage\":\"fr-FR\",\"@id\":\"https:\/\/resra.bruet.com\/fr\/#\/schema\/person\/image\/\",\"url\":\"https:\/\/secure.gravatar.com\/avatar\/9c54af7365395da69a6e48e2c9591a467191cfa37198b8ca28bfbba1321616c8?s=96&d=blank&r=g\",\"contentUrl\":\"https:\/\/secure.gravatar.com\/avatar\/9c54af7365395da69a6e48e2c9591a467191cfa37198b8ca28bfbba1321616c8?s=96&d=blank&r=g\",\"caption\":\"Jean-Bernard\"},\"url\":\"https:\/\/resra.bruet.com\/fr\/author\/froidure-jean-bernard\/\"}]}<\/script>\r\n<!-- \/ Yoast SEO plugin. -->","yoast_head_json":{"title":"Philippe REMIGIUS nous a quitt\u00e9s - Association pour la Recherche sur les S\u00e9quelles de la Radioth\u00e9rapie","robots":{"index":"index","follow":"follow","max-snippet":"max-snippet:-1","max-image-preview":"max-image-preview:large","max-video-preview":"max-video-preview:-1"},"canonical":"https:\/\/resra.bruet.com\/fr\/philippe-remigius-nous-a-quittes\/","og_locale":"fr_FR","og_type":"article","og_title":"Philippe REMIGIUS nous a quitt\u00e9s - Association pour la Recherche sur les S\u00e9quelles de la Radioth\u00e9rapie","og_description":"C\u2019est avec une grande \u00e9motion que nous vous annon\u00e7ons la disparition de Philippe REMIGIUS, notre Tr\u00e9sorier, qui nous a quitt\u00e9s dans la nuit du lundi 28 ao\u00fbt 2017, \u00e0 l\u2019\u00e2ge de 65 ans, apr\u00e8s deux mois d\u2019hospitalisation et de complications post-op\u00e9ratoires. Depuis mars 2014, Philippe s\u2019\u00e9tait investi dans notre Association. Il \u00e9tait membre du Conseil &hellip; Continuer la lecture de &laquo;&nbsp;Philippe REMIGIUS nous a quitt\u00e9s&nbsp;&raquo;","og_url":"https:\/\/resra.bruet.com\/fr\/philippe-remigius-nous-a-quittes\/","og_site_name":"Association pour la Recherche sur les S\u00e9quelles de la Radioth\u00e9rapie","article_publisher":"https:\/\/www.facebook.com\/profile.php?id=100086562396208","article_published_time":"2017-08-31T09:48:11+00:00","article_modified_time":"2017-10-09T21:59:43+00:00","author":"Jean-Bernard","twitter_card":"summary_large_image","twitter_misc":{"\u00c9crit par":"Jean-Bernard","Dur\u00e9e de lecture estim\u00e9e":"1 minute"},"schema":{"@context":"https:\/\/schema.org","@graph":[{"@type":"Article","@id":"https:\/\/resra.bruet.com\/philippe-remigius-nous-a-quittes\/#article","isPartOf":{"@id":"https:\/\/resra.bruet.com\/philippe-remigius-nous-a-quittes\/"},"author":{"name":"Jean-Bernard","@id":"https:\/\/resra.bruet.com\/#\/schema\/person\/78885b426f78db7fa85ef9f396c25fc6"},"headline":"Philippe REMIGIUS nous a quitt\u00e9s","datePublished":"2017-08-31T09:48:11+00:00","dateModified":"2017-10-09T21:59:43+00:00","mainEntityOfPage":{"@id":"https:\/\/resra.bruet.com\/philippe-remigius-nous-a-quittes\/"},"wordCount":183,"publisher":{"@id":"https:\/\/resra.bruet.com\/#organization"},"articleSection":["Chroniques"],"inLanguage":"fr-FR"},{"@type":"WebPage","@id":"https:\/\/resra.bruet.com\/fr\/philippe-remigius-nous-a-quittes\/","url":"https:\/\/resra.bruet.com\/fr\/philippe-remigius-nous-a-quittes\/","name":"Philippe REMIGIUS nous a quitt\u00e9s - Association pour la Recherche sur les S\u00e9quelles de la Radioth\u00e9rapie","isPartOf":{"@id":"https:\/\/resra.bruet.com\/fr\/#website"},"datePublished":"2017-08-31T09:48:11+00:00","dateModified":"2017-10-09T21:59:43+00:00","breadcrumb":{"@id":"https:\/\/resra.bruet.com\/fr\/philippe-remigius-nous-a-quittes\/#breadcrumb"},"inLanguage":"fr-FR","potentialAction":[{"@type":"ReadAction","target":[["https:\/\/resra.bruet.com\/fr\/philippe-remigius-nous-a-quittes\/"]]}]},{"@type":"BreadcrumbList","@id":"https:\/\/resra.bruet.com\/fr\/philippe-remigius-nous-a-quittes\/#breadcrumb","itemListElement":[{"@type":"ListItem","position":1,"name":"Accueil","item":"https:\/\/resra.bruet.com\/fr\/"},{"@type":"ListItem","position":2,"name":"Philippe REMIGIUS nous a quitt\u00e9s"}]},{"@type":"WebSite","@id":"https:\/\/resra.bruet.com\/fr\/#website","url":"https:\/\/resra.bruet.com\/fr\/","name":"Association pour la Recherche sur les S\u00e9quelles de la Radioth\u00e9rapie","description":"Aider les patients ayant suivi une radioth\u00e9rapie \u00e0 en minimiser les s\u00e9quelles","publisher":{"@id":"https:\/\/resra.bruet.com\/fr\/#organization"},"potentialAction":[{"@type":"SearchAction","target":{"@type":"EntryPoint","urlTemplate":"https:\/\/resra.bruet.com\/fr\/?s={search_term_string}"},"query-input":{"@type":"PropertyValueSpecification","valueRequired":true,"valueName":"search_term_string"}}],"inLanguage":"fr-FR"},{"@type":"Organization","@id":"https:\/\/resra.bruet.com\/fr\/#organization","name":"Association pour la Recherche sur les S\u00e9quelles de la Radioth\u00e9rapie","url":"https:\/\/resra.bruet.com\/fr\/","logo":{"@type":"ImageObject","inLanguage":"fr-FR","@id":"https:\/\/resra.bruet.com\/fr\/#\/schema\/logo\/image\/","url":"https:\/\/resra.bruet.com\/wp-content\/uploads\/2022\/03\/logo-Grand-ARSER-web-carre.jpg","contentUrl":"https:\/\/resra.bruet.com\/wp-content\/uploads\/2022\/03\/logo-Grand-ARSER-web-carre.jpg","width":300,"height":300,"caption":"Association pour la Recherche sur les S\u00e9quelles de la Radioth\u00e9rapie"},"image":{"@id":"https:\/\/resra.bruet.com\/fr\/#\/schema\/logo\/image\/"},"sameAs":["https:\/\/www.facebook.com\/profile.php?id=100086562396208"]},{"@type":"Person","@id":"https:\/\/resra.bruet.com\/#\/schema\/person\/78885b426f78db7fa85ef9f396c25fc6","name":"Jean-Bernard","image":{"@type":"ImageObject","inLanguage":"fr-FR","@id":"https:\/\/resra.bruet.com\/fr\/#\/schema\/person\/image\/","url":"https:\/\/secure.gravatar.com\/avatar\/9c54af7365395da69a6e48e2c9591a467191cfa37198b8ca28bfbba1321616c8?s=96&d=blank&r=g","contentUrl":"https:\/\/secure.gravatar.com\/avatar\/9c54af7365395da69a6e48e2c9591a467191cfa37198b8ca28bfbba1321616c8?s=96&d=blank&r=g","caption":"Jean-Bernard"},"url":"https:\/\/resra.bruet.com\/fr\/author\/froidure-jean-bernard\/"}]}},"_links":{"self":[{"href":"https:\/\/resra.bruet.com\/fr\/wp-json\/wp\/v2\/posts\/1755","targetHints":{"allow":["GET"]}}],"collection":[{"href":"https:\/\/resra.bruet.com\/fr\/wp-json\/wp\/v2\/posts"}],"about":[{"href":"https:\/\/resra.bruet.com\/fr\/wp-json\/wp\/v2\/types\/post"}],"author":[{"embeddable":true,"href":"https:\/\/resra.bruet.com\/fr\/wp-json\/wp\/v2\/users\/2"}],"replies":[{"embeddable":true,"href":"https:\/\/resra.bruet.com\/fr\/wp-json\/wp\/v2\/comments?post=1755"}],"version-history":[{"count":6,"href":"https:\/\/resra.bruet.com\/fr\/wp-json\/wp\/v2\/posts\/1755\/revisions"}],"predecessor-version":[{"id":1761,"href":"https:\/\/resra.bruet.com\/fr\/wp-json\/wp\/v2\/posts\/1755\/revisions\/1761"}],"wp:attachment":[{"href":"https:\/\/resra.bruet.com\/fr\/wp-json\/wp\/v2\/media?parent=1755"}],"wp:term":[{"taxonomy":"category","embeddable":true,"href":"https:\/\/resra.bruet.com\/fr\/wp-json\/wp\/v2\/categories?post=1755"},{"taxonomy":"post_tag","embeddable":true,"href":"https:\/\/resra.bruet.com\/fr\/wp-json\/wp\/v2\/tags?post=1755"}],"curies":[{"name":"wp","href":"https:\/\/api.w.org\/{rel}","templated":true}]}}