{"id":1651,"date":"2017-05-30T17:29:22","date_gmt":"2017-05-30T15:29:22","guid":{"rendered":"http:\/\/arser.org\/?p=1651"},"modified":"2024-11-24T16:34:31","modified_gmt":"2024-11-24T15:34:31","slug":"mardi-30-mai-2017-le-pr-sylvie-delanian-en-direct-sur-france-5","status":"publish","type":"post","link":"https:\/\/resra.bruet.com\/fr\/mardi-30-mai-2017-le-pr-sylvie-delanian-en-direct-sur-france-5\/","title":{"rendered":"Le Pr Sylvie DELANIAN en direct sur \u00ab\u00a0All\u00f4 Docteurs\u00a0\u00bb France 5"},"content":{"rendered":"<p><\/p>\n<p style=\"text-align: center;\"><strong>A revoir en Replay :<br \/>\n<a href=\"https:\/\/www.allodocteurs.fr\/emissions\/allo-docteurs\/allo-docteurs-du-30-05-2017_26326.html\">https:\/\/www.allodocteurs.fr\/emissions\/allo-docteurs\/allo-docteurs-du-30-05-2017_26326.html<\/a><\/strong><\/p>\n<p style=\"text-align: center;\"><strong>L\u2019\u00e9mission ALL\u00d4 DOCTEURS, du mardi 30 mai sur France 5, a \u00e9t\u00e9 consacr\u00e9e aux effets secondaires de la radioth\u00e9rapie.<\/strong><\/p>\n<p style=\"text-align: center;\"><strong>Pendant 35 minutes, le Pr Sylvie DELANIAN, Pr\u00e9sidente de l&rsquo;ARSER, est intervenue en direct avec les animateurs Michel Cymes et Marina Carr\u00e8re d&rsquo;Encausse.<\/strong><\/p>\n<p style=\"text-align: center;\"><strong>Le Dr C\u00e9cile CH\u00c2TEL, Membre du Conseil scientifique de l\u2019ARSER, Praticien hospitalier, Odontologiste, Service de chirurgie maxillo-faciale, d\u2019odontologie et de chirurgie plastique au CHU de Grenoble a \u00e9t\u00e9 interview\u00e9e sur le sujet de l\u2019ost\u00e9oradion\u00e9crose mandibulaire et des soins dentaires apr\u00e8s radioth\u00e9rapie.<\/strong><\/p>\n<p style=\"text-align: center;\"><strong>A revoir en Replay :<br \/>\n<a href=\"https:\/\/www.allodocteurs.fr\/emissions\/allo-docteurs\/allo-docteurs-du-30-05-2017_26326.html\">https:\/\/www.allodocteurs.fr\/emissions\/allo-docteurs\/allo-docteurs-du-30-05-2017_26326.html<\/a><\/strong><\/p>\n<p><\/p>","protected":false},"excerpt":{"rendered":"<p>A revoir en Replay : https:\/\/www.allodocteurs.fr\/emissions\/allo-docteurs\/allo-docteurs-du-30-05-2017_26326.html L\u2019\u00e9mission ALL\u00d4 DOCTEURS, du mardi 30 mai sur France 5, a \u00e9t\u00e9 consacr\u00e9e aux effets secondaires de la radioth\u00e9rapie. Pendant 35 minutes, le Pr Sylvie DELANIAN, Pr\u00e9sidente de l&rsquo;ARSER, est intervenue en direct avec les animateurs Michel Cymes et Marina Carr\u00e8re d&rsquo;Encausse. Le Dr C\u00e9cile CH\u00c2TEL, Membre du Conseil &hellip; <a href=\"https:\/\/resra.bruet.com\/fr\/mardi-30-mai-2017-le-pr-sylvie-delanian-en-direct-sur-france-5\/\" class=\"more-link\">Continuer la lecture<span class=\"screen-reader-text\"> de &laquo;&nbsp;Le Pr Sylvie DELANIAN en direct sur \u00ab\u00a0All\u00f4 Docteurs\u00a0\u00bb France 5&nbsp;&raquo;<\/span><\/a><\/p>\n","protected":false},"author":2,"featured_media":0,"comment_status":"closed","ping_status":"closed","sticky":false,"template":"","format":"standard","meta":{"_bbp_topic_count":0,"_bbp_reply_count":0,"_bbp_total_topic_count":0,"_bbp_total_reply_count":0,"_bbp_voice_count":0,"_bbp_anonymous_reply_count":0,"_bbp_topic_count_hidden":0,"_bbp_reply_count_hidden":0,"_bbp_forum_subforum_count":0,"footnotes":""},"categories":[6],"tags":[],"class_list":["post-1651","post","type-post","status-publish","format-standard","hentry","category-articles"],"yoast_head":"<!-- This site is optimized with the Yoast SEO plugin v27.1.1 - https:\/\/yoast.com\/product\/yoast-seo-wordpress\/ -->\r\n<title>Le Pr Sylvie DELANIAN en direct sur &quot;All\u00f4 Docteurs&quot; France 5 - Association pour la Recherche sur les S\u00e9quelles de la Radioth\u00e9rapie<\/title>\r\n<meta name=\"robots\" content=\"index, follow, max-snippet:-1, max-image-preview:large, max-video-preview:-1\" \/>\r\n<link rel=\"canonical\" href=\"https:\/\/resra.bruet.com\/fr\/mardi-30-mai-2017-le-pr-sylvie-delanian-en-direct-sur-france-5\/\" \/>\r\n<meta property=\"og:locale\" content=\"fr_FR\" \/>\r\n<meta property=\"og:type\" content=\"article\" \/>\r\n<meta property=\"og:title\" content=\"Le Pr Sylvie DELANIAN en direct sur &quot;All\u00f4 Docteurs&quot; France 5 - Association pour la Recherche sur les S\u00e9quelles de la Radioth\u00e9rapie\" \/>\r\n<meta property=\"og:description\" content=\"A revoir en Replay : https:\/\/www.allodocteurs.fr\/emissions\/allo-docteurs\/allo-docteurs-du-30-05-2017_26326.html L\u2019\u00e9mission ALL\u00d4 DOCTEURS, du mardi 30 mai sur France 5, a \u00e9t\u00e9 consacr\u00e9e aux effets secondaires de la radioth\u00e9rapie. Pendant 35 minutes, le Pr Sylvie DELANIAN, Pr\u00e9sidente de l&rsquo;ARSER, est intervenue en direct avec les animateurs Michel Cymes et Marina Carr\u00e8re d&rsquo;Encausse. Le Dr C\u00e9cile CH\u00c2TEL, Membre du Conseil &hellip; Continuer la lecture de &laquo;&nbsp;Le Pr Sylvie DELANIAN en direct sur \u00ab\u00a0All\u00f4 Docteurs\u00a0\u00bb France 5&nbsp;&raquo;\" \/>\r\n<meta property=\"og:url\" content=\"https:\/\/resra.bruet.com\/fr\/mardi-30-mai-2017-le-pr-sylvie-delanian-en-direct-sur-france-5\/\" \/>\r\n<meta property=\"og:site_name\" content=\"Association pour la Recherche sur les S\u00e9quelles de la Radioth\u00e9rapie\" \/>\r\n<meta property=\"article:publisher\" content=\"https:\/\/www.facebook.com\/profile.php?id=100086562396208\" \/>\r\n<meta property=\"article:published_time\" content=\"2017-05-30T15:29:22+00:00\" \/>\r\n<meta property=\"article:modified_time\" content=\"2024-11-24T15:34:31+00:00\" \/>\r\n<meta name=\"author\" content=\"Jean-Bernard\" \/>\r\n<meta name=\"twitter:card\" content=\"summary_large_image\" \/>\r\n<meta name=\"twitter:label1\" content=\"\u00c9crit par\" \/>\n\t<meta name=\"twitter:data1\" content=\"Jean-Bernard\" \/>\n\t<meta name=\"twitter:label2\" content=\"Dur\u00e9e de lecture estim\u00e9e\" \/>\n\t<meta name=\"twitter:data2\" content=\"1 minute\" \/>\r\n<script type=\"application\/ld+json\" class=\"yoast-schema-graph\">{\"@context\":\"https:\/\/schema.org\",\"@graph\":[{\"@type\":\"Article\",\"@id\":\"https:\/\/resra.bruet.com\/mardi-30-mai-2017-le-pr-sylvie-delanian-en-direct-sur-france-5\/#article\",\"isPartOf\":{\"@id\":\"https:\/\/resra.bruet.com\/mardi-30-mai-2017-le-pr-sylvie-delanian-en-direct-sur-france-5\/\"},\"author\":{\"name\":\"Jean-Bernard\",\"@id\":\"https:\/\/resra.bruet.com\/#\/schema\/person\/78885b426f78db7fa85ef9f396c25fc6\"},\"headline\":\"Le Pr Sylvie DELANIAN en direct sur \u00ab\u00a0All\u00f4 Docteurs\u00a0\u00bb France 5\",\"datePublished\":\"2017-05-30T15:29:22+00:00\",\"dateModified\":\"2024-11-24T15:34:31+00:00\",\"mainEntityOfPage\":{\"@id\":\"https:\/\/resra.bruet.com\/mardi-30-mai-2017-le-pr-sylvie-delanian-en-direct-sur-france-5\/\"},\"wordCount\":263,\"publisher\":{\"@id\":\"https:\/\/resra.bruet.com\/#organization\"},\"articleSection\":[\"Articles\"],\"inLanguage\":\"fr-FR\"},{\"@type\":\"WebPage\",\"@id\":\"https:\/\/resra.bruet.com\/fr\/mardi-30-mai-2017-le-pr-sylvie-delanian-en-direct-sur-france-5\/\",\"url\":\"https:\/\/resra.bruet.com\/fr\/mardi-30-mai-2017-le-pr-sylvie-delanian-en-direct-sur-france-5\/\",\"name\":\"Le Pr Sylvie DELANIAN en direct sur \\\"All\u00f4 Docteurs\\\" France 5 - Association pour la Recherche sur les S\u00e9quelles de la Radioth\u00e9rapie\",\"isPartOf\":{\"@id\":\"https:\/\/resra.bruet.com\/fr\/#website\"},\"datePublished\":\"2017-05-30T15:29:22+00:00\",\"dateModified\":\"2024-11-24T15:34:31+00:00\",\"breadcrumb\":{\"@id\":\"https:\/\/resra.bruet.com\/fr\/mardi-30-mai-2017-le-pr-sylvie-delanian-en-direct-sur-france-5\/#breadcrumb\"},\"inLanguage\":\"fr-FR\",\"potentialAction\":[{\"@type\":\"ReadAction\",\"target\":[[\"https:\/\/resra.bruet.com\/fr\/mardi-30-mai-2017-le-pr-sylvie-delanian-en-direct-sur-france-5\/\"]]}]},{\"@type\":\"BreadcrumbList\",\"@id\":\"https:\/\/resra.bruet.com\/fr\/mardi-30-mai-2017-le-pr-sylvie-delanian-en-direct-sur-france-5\/#breadcrumb\",\"itemListElement\":[{\"@type\":\"ListItem\",\"position\":1,\"name\":\"Accueil\",\"item\":\"https:\/\/resra.bruet.com\/fr\/\"},{\"@type\":\"ListItem\",\"position\":2,\"name\":\"Le Pr Sylvie DELANIAN en direct sur \u00ab\u00a0All\u00f4 Docteurs\u00a0\u00bb France 5\"}]},{\"@type\":\"WebSite\",\"@id\":\"https:\/\/resra.bruet.com\/fr\/#website\",\"url\":\"https:\/\/resra.bruet.com\/fr\/\",\"name\":\"Association pour la Recherche sur les S\u00e9quelles de la Radioth\u00e9rapie\",\"description\":\"Aider les patients ayant suivi une radioth\u00e9rapie \u00e0 en minimiser les s\u00e9quelles\",\"publisher\":{\"@id\":\"https:\/\/resra.bruet.com\/fr\/#organization\"},\"potentialAction\":[{\"@type\":\"SearchAction\",\"target\":{\"@type\":\"EntryPoint\",\"urlTemplate\":\"https:\/\/resra.bruet.com\/fr\/?s={search_term_string}\"},\"query-input\":{\"@type\":\"PropertyValueSpecification\",\"valueRequired\":true,\"valueName\":\"search_term_string\"}}],\"inLanguage\":\"fr-FR\"},{\"@type\":\"Organization\",\"@id\":\"https:\/\/resra.bruet.com\/fr\/#organization\",\"name\":\"Association pour la Recherche sur les S\u00e9quelles de la Radioth\u00e9rapie\",\"url\":\"https:\/\/resra.bruet.com\/fr\/\",\"logo\":{\"@type\":\"ImageObject\",\"inLanguage\":\"fr-FR\",\"@id\":\"https:\/\/resra.bruet.com\/fr\/#\/schema\/logo\/image\/\",\"url\":\"https:\/\/resra.bruet.com\/wp-content\/uploads\/2022\/03\/logo-Grand-ARSER-web-carre.jpg\",\"contentUrl\":\"https:\/\/resra.bruet.com\/wp-content\/uploads\/2022\/03\/logo-Grand-ARSER-web-carre.jpg\",\"width\":300,\"height\":300,\"caption\":\"Association pour la Recherche sur les S\u00e9quelles de la Radioth\u00e9rapie\"},\"image\":{\"@id\":\"https:\/\/resra.bruet.com\/fr\/#\/schema\/logo\/image\/\"},\"sameAs\":[\"https:\/\/www.facebook.com\/profile.php?id=100086562396208\"]},{\"@type\":\"Person\",\"@id\":\"https:\/\/resra.bruet.com\/#\/schema\/person\/78885b426f78db7fa85ef9f396c25fc6\",\"name\":\"Jean-Bernard\",\"image\":{\"@type\":\"ImageObject\",\"inLanguage\":\"fr-FR\",\"@id\":\"https:\/\/resra.bruet.com\/fr\/#\/schema\/person\/image\/\",\"url\":\"https:\/\/secure.gravatar.com\/avatar\/9c54af7365395da69a6e48e2c9591a467191cfa37198b8ca28bfbba1321616c8?s=96&d=blank&r=g\",\"contentUrl\":\"https:\/\/secure.gravatar.com\/avatar\/9c54af7365395da69a6e48e2c9591a467191cfa37198b8ca28bfbba1321616c8?s=96&d=blank&r=g\",\"caption\":\"Jean-Bernard\"},\"url\":\"https:\/\/resra.bruet.com\/fr\/author\/froidure-jean-bernard\/\"}]}<\/script>\r\n<!-- \/ Yoast SEO plugin. -->","yoast_head_json":{"title":"Le Pr Sylvie DELANIAN en direct sur \"All\u00f4 Docteurs\" France 5 - Association pour la Recherche sur les S\u00e9quelles de la Radioth\u00e9rapie","robots":{"index":"index","follow":"follow","max-snippet":"max-snippet:-1","max-image-preview":"max-image-preview:large","max-video-preview":"max-video-preview:-1"},"canonical":"https:\/\/resra.bruet.com\/fr\/mardi-30-mai-2017-le-pr-sylvie-delanian-en-direct-sur-france-5\/","og_locale":"fr_FR","og_type":"article","og_title":"Le Pr Sylvie DELANIAN en direct sur \"All\u00f4 Docteurs\" France 5 - Association pour la Recherche sur les S\u00e9quelles de la Radioth\u00e9rapie","og_description":"A revoir en Replay : https:\/\/www.allodocteurs.fr\/emissions\/allo-docteurs\/allo-docteurs-du-30-05-2017_26326.html L\u2019\u00e9mission ALL\u00d4 DOCTEURS, du mardi 30 mai sur France 5, a \u00e9t\u00e9 consacr\u00e9e aux effets secondaires de la radioth\u00e9rapie. Pendant 35 minutes, le Pr Sylvie DELANIAN, Pr\u00e9sidente de l&rsquo;ARSER, est intervenue en direct avec les animateurs Michel Cymes et Marina Carr\u00e8re d&rsquo;Encausse. Le Dr C\u00e9cile CH\u00c2TEL, Membre du Conseil &hellip; Continuer la lecture de &laquo;&nbsp;Le Pr Sylvie DELANIAN en direct sur \u00ab\u00a0All\u00f4 Docteurs\u00a0\u00bb France 5&nbsp;&raquo;","og_url":"https:\/\/resra.bruet.com\/fr\/mardi-30-mai-2017-le-pr-sylvie-delanian-en-direct-sur-france-5\/","og_site_name":"Association pour la Recherche sur les S\u00e9quelles de la Radioth\u00e9rapie","article_publisher":"https:\/\/www.facebook.com\/profile.php?id=100086562396208","article_published_time":"2017-05-30T15:29:22+00:00","article_modified_time":"2024-11-24T15:34:31+00:00","author":"Jean-Bernard","twitter_card":"summary_large_image","twitter_misc":{"\u00c9crit par":"Jean-Bernard","Dur\u00e9e de lecture estim\u00e9e":"1 minute"},"schema":{"@context":"https:\/\/schema.org","@graph":[{"@type":"Article","@id":"https:\/\/resra.bruet.com\/mardi-30-mai-2017-le-pr-sylvie-delanian-en-direct-sur-france-5\/#article","isPartOf":{"@id":"https:\/\/resra.bruet.com\/mardi-30-mai-2017-le-pr-sylvie-delanian-en-direct-sur-france-5\/"},"author":{"name":"Jean-Bernard","@id":"https:\/\/resra.bruet.com\/#\/schema\/person\/78885b426f78db7fa85ef9f396c25fc6"},"headline":"Le Pr Sylvie DELANIAN en direct sur \u00ab\u00a0All\u00f4 Docteurs\u00a0\u00bb France 5","datePublished":"2017-05-30T15:29:22+00:00","dateModified":"2024-11-24T15:34:31+00:00","mainEntityOfPage":{"@id":"https:\/\/resra.bruet.com\/mardi-30-mai-2017-le-pr-sylvie-delanian-en-direct-sur-france-5\/"},"wordCount":263,"publisher":{"@id":"https:\/\/resra.bruet.com\/#organization"},"articleSection":["Articles"],"inLanguage":"fr-FR"},{"@type":"WebPage","@id":"https:\/\/resra.bruet.com\/fr\/mardi-30-mai-2017-le-pr-sylvie-delanian-en-direct-sur-france-5\/","url":"https:\/\/resra.bruet.com\/fr\/mardi-30-mai-2017-le-pr-sylvie-delanian-en-direct-sur-france-5\/","name":"Le Pr Sylvie DELANIAN en direct sur \"All\u00f4 Docteurs\" France 5 - Association pour la Recherche sur les S\u00e9quelles de la Radioth\u00e9rapie","isPartOf":{"@id":"https:\/\/resra.bruet.com\/fr\/#website"},"datePublished":"2017-05-30T15:29:22+00:00","dateModified":"2024-11-24T15:34:31+00:00","breadcrumb":{"@id":"https:\/\/resra.bruet.com\/fr\/mardi-30-mai-2017-le-pr-sylvie-delanian-en-direct-sur-france-5\/#breadcrumb"},"inLanguage":"fr-FR","potentialAction":[{"@type":"ReadAction","target":[["https:\/\/resra.bruet.com\/fr\/mardi-30-mai-2017-le-pr-sylvie-delanian-en-direct-sur-france-5\/"]]}]},{"@type":"BreadcrumbList","@id":"https:\/\/resra.bruet.com\/fr\/mardi-30-mai-2017-le-pr-sylvie-delanian-en-direct-sur-france-5\/#breadcrumb","itemListElement":[{"@type":"ListItem","position":1,"name":"Accueil","item":"https:\/\/resra.bruet.com\/fr\/"},{"@type":"ListItem","position":2,"name":"Le Pr Sylvie DELANIAN en direct sur \u00ab\u00a0All\u00f4 Docteurs\u00a0\u00bb France 5"}]},{"@type":"WebSite","@id":"https:\/\/resra.bruet.com\/fr\/#website","url":"https:\/\/resra.bruet.com\/fr\/","name":"Association pour la Recherche sur les S\u00e9quelles de la Radioth\u00e9rapie","description":"Aider les patients ayant suivi une radioth\u00e9rapie \u00e0 en minimiser les s\u00e9quelles","publisher":{"@id":"https:\/\/resra.bruet.com\/fr\/#organization"},"potentialAction":[{"@type":"SearchAction","target":{"@type":"EntryPoint","urlTemplate":"https:\/\/resra.bruet.com\/fr\/?s={search_term_string}"},"query-input":{"@type":"PropertyValueSpecification","valueRequired":true,"valueName":"search_term_string"}}],"inLanguage":"fr-FR"},{"@type":"Organization","@id":"https:\/\/resra.bruet.com\/fr\/#organization","name":"Association pour la Recherche sur les S\u00e9quelles de la Radioth\u00e9rapie","url":"https:\/\/resra.bruet.com\/fr\/","logo":{"@type":"ImageObject","inLanguage":"fr-FR","@id":"https:\/\/resra.bruet.com\/fr\/#\/schema\/logo\/image\/","url":"https:\/\/resra.bruet.com\/wp-content\/uploads\/2022\/03\/logo-Grand-ARSER-web-carre.jpg","contentUrl":"https:\/\/resra.bruet.com\/wp-content\/uploads\/2022\/03\/logo-Grand-ARSER-web-carre.jpg","width":300,"height":300,"caption":"Association pour la Recherche sur les S\u00e9quelles de la Radioth\u00e9rapie"},"image":{"@id":"https:\/\/resra.bruet.com\/fr\/#\/schema\/logo\/image\/"},"sameAs":["https:\/\/www.facebook.com\/profile.php?id=100086562396208"]},{"@type":"Person","@id":"https:\/\/resra.bruet.com\/#\/schema\/person\/78885b426f78db7fa85ef9f396c25fc6","name":"Jean-Bernard","image":{"@type":"ImageObject","inLanguage":"fr-FR","@id":"https:\/\/resra.bruet.com\/fr\/#\/schema\/person\/image\/","url":"https:\/\/secure.gravatar.com\/avatar\/9c54af7365395da69a6e48e2c9591a467191cfa37198b8ca28bfbba1321616c8?s=96&d=blank&r=g","contentUrl":"https:\/\/secure.gravatar.com\/avatar\/9c54af7365395da69a6e48e2c9591a467191cfa37198b8ca28bfbba1321616c8?s=96&d=blank&r=g","caption":"Jean-Bernard"},"url":"https:\/\/resra.bruet.com\/fr\/author\/froidure-jean-bernard\/"}]}},"_links":{"self":[{"href":"https:\/\/resra.bruet.com\/fr\/wp-json\/wp\/v2\/posts\/1651","targetHints":{"allow":["GET"]}}],"collection":[{"href":"https:\/\/resra.bruet.com\/fr\/wp-json\/wp\/v2\/posts"}],"about":[{"href":"https:\/\/resra.bruet.com\/fr\/wp-json\/wp\/v2\/types\/post"}],"author":[{"embeddable":true,"href":"https:\/\/resra.bruet.com\/fr\/wp-json\/wp\/v2\/users\/2"}],"replies":[{"embeddable":true,"href":"https:\/\/resra.bruet.com\/fr\/wp-json\/wp\/v2\/comments?post=1651"}],"version-history":[{"count":11,"href":"https:\/\/resra.bruet.com\/fr\/wp-json\/wp\/v2\/posts\/1651\/revisions"}],"predecessor-version":[{"id":18902,"href":"https:\/\/resra.bruet.com\/fr\/wp-json\/wp\/v2\/posts\/1651\/revisions\/18902"}],"wp:attachment":[{"href":"https:\/\/resra.bruet.com\/fr\/wp-json\/wp\/v2\/media?parent=1651"}],"wp:term":[{"taxonomy":"category","embeddable":true,"href":"https:\/\/resra.bruet.com\/fr\/wp-json\/wp\/v2\/categories?post=1651"},{"taxonomy":"post_tag","embeddable":true,"href":"https:\/\/resra.bruet.com\/fr\/wp-json\/wp\/v2\/tags?post=1651"}],"curies":[{"name":"wp","href":"https:\/\/api.w.org\/{rel}","templated":true}]}}