{"id":11287,"date":"2022-09-21T17:15:13","date_gmt":"2022-09-21T15:15:13","guid":{"rendered":"https:\/\/arser.org\/?p=11287"},"modified":"2024-01-24T14:45:17","modified_gmt":"2024-01-24T13:45:17","slug":"une-radiotherapie-sans-complication-a-t-elle-vu-le-jour","status":"publish","type":"post","link":"https:\/\/resra.bruet.com\/fr\/une-radiotherapie-sans-complication-a-t-elle-vu-le-jour\/","title":{"rendered":"Une radioth\u00e9rapie \u00ab sans complication \u00bb a-t-elle vu le jour ?"},"content":{"rendered":"<p><img loading=\"lazy\" decoding=\"async\" class=\"\" src=\"https:\/\/resra.bruet.com\/wp-content\/uploads\/2017\/02\/bandeau-logo-arser-19-300x70.png\" width=\"253\" height=\"59\" \/><\/p>\n<p>par Marie-Catherine VOZENIN,<\/p>\n<p><em>Cheffe du Laboratoire de Radiooncologie du CHUV | Centre hospitalier universitaire vaudois<\/em><br \/>\n<em>Professeure associ\u00e9e au service de Radio-Oncologie,<\/em><br \/>\n<em>Centre hospitalier universitaire vaudois et Universit\u00e9 de Lausanne<\/em><br \/>\n<em>Pr\u00e9sidente de l\u2019ARSER Suisse<\/em><\/p>\n<p>\tLa radioth\u00e9rapie est utilis\u00e9e depuis plus d&rsquo;un si\u00e8cle pour traiter le cancer, seule ou associ\u00e9e \u00e0 une chirurgie ou chimioth\u00e9rapie. Avec les progr\u00e8s technologiques, la radioth\u00e9rapie a \u00e9volu\u00e9 r\u00e9guli\u00e8rement pour devenir aujourd\u2019hui l&rsquo;un des outils les plus performants et rentables dans la lutte contre le cancer, avec la moiti\u00e9 des patients atteints de cancer trait\u00e9s \u00e0 un moment donn\u00e9 de la prise en charge.<\/p>\n<p>\tAu cours des deux derni\u00e8res d\u00e9cennies, les avanc\u00e9es technologiques (traitement plus cibl\u00e9, guid\u00e9 par informatique) ont transform\u00e9 la radioth\u00e9rapie en un traitement pr\u00e9cis et personnalis\u00e9. N\u00e9anmoins, le traitement de tumeurs plus r\u00e9sistantes, pouvant n\u00e9cessiter une dose de radioth\u00e9rapie plus importante pour obtenir un contr\u00f4le tumoral, reste limit\u00e9 par le risque de complications au niveau des tissus sains en raison du risque de s\u00e9quelles chez les long-survivants du cancer et\/ou par la progression du cancer par d\u00e9veloppement d\u2019une r\u00e9cidive locale ou la survenue de m\u00e9tastases.<\/p>\n<p>\tPar cons\u00e9quent, la poursuite de l\u2019am\u00e9lioration de la radioth\u00e9rapie par une radio-sensibilisation s\u00e9lective de la tumeur reste le d\u00e9fi actuel de la communaut\u00e9 des chercheurs et m\u00e9decins en radio-oncologie. Les derni\u00e8res d\u00e9cennies ayant fait des progr\u00e8s gr\u00e2ce \u00e0 l\u2018am\u00e9lioration des machines (passant du Cobalt \u00e0 l\u2019acc\u00e9l\u00e9rateur lin\u00e9aire) ou de l\u2019utilisation de chimioth\u00e9rapie radio-sensibilisante comme le cisplatine ou l\u2019immunoth\u00e9rapie.<\/p>\n<p>\tDans ce contexte depuis quinze ans, mon \u00e9quipe a conceptualis\u00e9 et mis en \u0153uvre une nouvelle approche en radioth\u00e9rapie bas\u00e9e sur l&rsquo;utilisation d\u2019une irradiation \u00e0 ultra-haut d\u00e9bit de dose (UHDR) qui permet de d\u00e9livrer la dose d\u2019irradiation en une fraction de seconde, alors que la radioth\u00e9rapie standard n\u00e9cessite plusieurs minutes. Nous avons appel\u00e9 cette nouvelle m\u00e9thode la radioth\u00e9rapie FLASH (en anglais FLASH-RT). En plus d\u2019\u00eatre tr\u00e8s rapide, la FLASH-RT a renvers\u00e9 nos connaissances en permettant de tuer les cellules tumorales sans complication au niveau des tissus sains.<\/p>\n<p>\tPour pouvoir proposer ce traitement chez l\u2019homme, des d\u00e9fis techniques (pour r\u00e9aliser le haut d\u00e9bit) doivent \u00eatre encore relev\u00e9s. Pour cela nous collaborons avec le meilleur de la physique mondiale : les physiciens d\u2019acc\u00e9l\u00e9rateurs du CERN en Europe, du PSI en Suisse et du SLAC aux USA. Nous progressons en parall\u00e8le vers des essais \u00ab cliniques \u00bb en traitant des animaux de compagnie (chats et chiens) malades de cancer en collaboration avec les v\u00e9t\u00e9rinaires. Aujourd\u2019hui, de nombreuses \u00e9quipes \u00e0 travers le monde ont suivi cette nouvelle approche et notre communaut\u00e9 scientifique a pu montrer l\u2019int\u00e9r\u00eat de la FLASH-RT dans plusieurs mod\u00e8les pr\u00e9cliniques (en recherche fondamentale). Enfin, nous travaillons avec enthousiasme dans mon laboratoire \u00e0 la compr\u00e9hension des m\u00e9canismes (\u00ab comment \u00e7a marche \u00bb) afin que la FLASH-RT puisse dans un avenir proche \u00eatre propos\u00e9e aux patients atteints de cancer dans les meilleures conditions de s\u00e9curit\u00e9 et d\u2019efficacit\u00e9.<\/p>\n<p>&nbsp;<\/p>","protected":false},"excerpt":{"rendered":"<p>par Marie-Catherine VOZENIN, Cheffe du Laboratoire de Radiooncologie du CHUV | Centre hospitalier universitaire vaudois Professeure associ\u00e9e au service de Radio-Oncologie, Centre hospitalier universitaire vaudois et Universit\u00e9 de Lausanne Pr\u00e9sidente de l\u2019ARSER Suisse La radioth\u00e9rapie est utilis\u00e9e depuis plus d&rsquo;un si\u00e8cle pour traiter le cancer, seule ou associ\u00e9e \u00e0 une chirurgie ou chimioth\u00e9rapie. Avec les &hellip; <a href=\"https:\/\/resra.bruet.com\/fr\/une-radiotherapie-sans-complication-a-t-elle-vu-le-jour\/\" class=\"more-link\">Continuer la lecture<span class=\"screen-reader-text\"> de &laquo;&nbsp;Une radioth\u00e9rapie \u00ab sans complication \u00bb a-t-elle vu le jour ?&nbsp;&raquo;<\/span><\/a><\/p>\n","protected":false},"author":1519,"featured_media":0,"comment_status":"closed","ping_status":"closed","sticky":false,"template":"","format":"standard","meta":{"_bbp_topic_count":0,"_bbp_reply_count":0,"_bbp_total_topic_count":0,"_bbp_total_reply_count":0,"_bbp_voice_count":0,"_bbp_anonymous_reply_count":0,"_bbp_topic_count_hidden":0,"_bbp_reply_count_hidden":0,"_bbp_forum_subforum_count":0,"footnotes":""},"categories":[6],"tags":[],"class_list":["post-11287","post","type-post","status-publish","format-standard","hentry","category-articles"],"yoast_head":"<!-- This site is optimized with the Yoast SEO plugin v27.1.1 - https:\/\/yoast.com\/product\/yoast-seo-wordpress\/ -->\r\n<title>Une radioth\u00e9rapie \u00ab sans complication \u00bb a-t-elle vu le jour ? - Association pour la Recherche sur les S\u00e9quelles de la Radioth\u00e9rapie<\/title>\r\n<meta name=\"robots\" content=\"index, follow, max-snippet:-1, max-image-preview:large, max-video-preview:-1\" \/>\r\n<link rel=\"canonical\" href=\"https:\/\/resra.bruet.com\/fr\/une-radiotherapie-sans-complication-a-t-elle-vu-le-jour\/\" \/>\r\n<meta property=\"og:locale\" content=\"fr_FR\" \/>\r\n<meta property=\"og:type\" content=\"article\" \/>\r\n<meta property=\"og:title\" content=\"Une radioth\u00e9rapie \u00ab sans complication \u00bb a-t-elle vu le jour ? - Association pour la Recherche sur les S\u00e9quelles de la Radioth\u00e9rapie\" \/>\r\n<meta property=\"og:description\" content=\"par Marie-Catherine VOZENIN, Cheffe du Laboratoire de Radiooncologie du CHUV | Centre hospitalier universitaire vaudois Professeure associ\u00e9e au service de Radio-Oncologie, Centre hospitalier universitaire vaudois et Universit\u00e9 de Lausanne Pr\u00e9sidente de l\u2019ARSER Suisse La radioth\u00e9rapie est utilis\u00e9e depuis plus d&rsquo;un si\u00e8cle pour traiter le cancer, seule ou associ\u00e9e \u00e0 une chirurgie ou chimioth\u00e9rapie. Avec les &hellip; Continuer la lecture de &laquo;&nbsp;Une radioth\u00e9rapie \u00ab sans complication \u00bb a-t-elle vu le jour ?&nbsp;&raquo;\" \/>\r\n<meta property=\"og:url\" content=\"https:\/\/resra.bruet.com\/fr\/une-radiotherapie-sans-complication-a-t-elle-vu-le-jour\/\" \/>\r\n<meta property=\"og:site_name\" content=\"Association pour la Recherche sur les S\u00e9quelles de la Radioth\u00e9rapie\" \/>\r\n<meta property=\"article:publisher\" content=\"https:\/\/www.facebook.com\/profile.php?id=100086562396208\" \/>\r\n<meta property=\"article:published_time\" content=\"2022-09-21T15:15:13+00:00\" \/>\r\n<meta property=\"article:modified_time\" content=\"2024-01-24T13:45:17+00:00\" \/>\r\n<meta property=\"og:image\" content=\"https:\/\/resra.bruet.com\/wp-content\/uploads\/2017\/02\/bandeau-logo-arser-19-300x70.png\" \/>\r\n<meta name=\"author\" content=\"AdminArser\" \/>\r\n<meta name=\"twitter:card\" content=\"summary_large_image\" \/>\r\n<meta name=\"twitter:label1\" content=\"\u00c9crit par\" \/>\n\t<meta name=\"twitter:data1\" content=\"AdminArser\" \/>\n\t<meta name=\"twitter:label2\" content=\"Dur\u00e9e de lecture estim\u00e9e\" \/>\n\t<meta name=\"twitter:data2\" content=\"3 minutes\" \/>\r\n<script type=\"application\/ld+json\" class=\"yoast-schema-graph\">{\"@context\":\"https:\/\/schema.org\",\"@graph\":[{\"@type\":\"Article\",\"@id\":\"https:\/\/resra.bruet.com\/une-radiotherapie-sans-complication-a-t-elle-vu-le-jour\/#article\",\"isPartOf\":{\"@id\":\"https:\/\/resra.bruet.com\/une-radiotherapie-sans-complication-a-t-elle-vu-le-jour\/\"},\"author\":{\"name\":\"AdminArser\",\"@id\":\"https:\/\/resra.bruet.com\/#\/schema\/person\/bfd4d66106ac18baa3e8c590ef0409e5\"},\"headline\":\"Une radioth\u00e9rapie \u00ab sans complication \u00bb a-t-elle vu le jour ?\",\"datePublished\":\"2022-09-21T15:15:13+00:00\",\"dateModified\":\"2024-01-24T13:45:17+00:00\",\"mainEntityOfPage\":{\"@id\":\"https:\/\/resra.bruet.com\/une-radiotherapie-sans-complication-a-t-elle-vu-le-jour\/\"},\"wordCount\":1003,\"publisher\":{\"@id\":\"https:\/\/resra.bruet.com\/#organization\"},\"image\":{\"@id\":\"https:\/\/resra.bruet.com\/une-radiotherapie-sans-complication-a-t-elle-vu-le-jour\/#primaryimage\"},\"thumbnailUrl\":\"https:\/\/resra.bruet.com\/wp-content\/uploads\/2017\/02\/bandeau-logo-arser-19-300x70.png\",\"articleSection\":[\"Articles\"],\"inLanguage\":\"fr-FR\"},{\"@type\":\"WebPage\",\"@id\":\"https:\/\/resra.bruet.com\/fr\/une-radiotherapie-sans-complication-a-t-elle-vu-le-jour\/\",\"url\":\"https:\/\/resra.bruet.com\/fr\/une-radiotherapie-sans-complication-a-t-elle-vu-le-jour\/\",\"name\":\"Une radioth\u00e9rapie \u00ab sans complication \u00bb a-t-elle vu le jour ? - Association pour la Recherche sur les S\u00e9quelles de la Radioth\u00e9rapie\",\"isPartOf\":{\"@id\":\"https:\/\/resra.bruet.com\/fr\/#website\"},\"primaryImageOfPage\":{\"@id\":\"https:\/\/resra.bruet.com\/fr\/une-radiotherapie-sans-complication-a-t-elle-vu-le-jour\/#primaryimage\"},\"image\":{\"@id\":\"https:\/\/resra.bruet.com\/une-radiotherapie-sans-complication-a-t-elle-vu-le-jour\/#primaryimage\"},\"thumbnailUrl\":\"https:\/\/resra.bruet.com\/wp-content\/uploads\/2017\/02\/bandeau-logo-arser-19-300x70.png\",\"datePublished\":\"2022-09-21T15:15:13+00:00\",\"dateModified\":\"2024-01-24T13:45:17+00:00\",\"breadcrumb\":{\"@id\":\"https:\/\/resra.bruet.com\/fr\/une-radiotherapie-sans-complication-a-t-elle-vu-le-jour\/#breadcrumb\"},\"inLanguage\":\"fr-FR\",\"potentialAction\":[{\"@type\":\"ReadAction\",\"target\":[[\"https:\/\/resra.bruet.com\/fr\/une-radiotherapie-sans-complication-a-t-elle-vu-le-jour\/\"]]}]},{\"@type\":\"ImageObject\",\"inLanguage\":\"fr-FR\",\"@id\":\"https:\/\/resra.bruet.com\/fr\/une-radiotherapie-sans-complication-a-t-elle-vu-le-jour\/#primaryimage\",\"url\":\"https:\/\/resra.bruet.com\/wp-content\/uploads\/2017\/02\/bandeau-logo-arser-19-300x70.png\",\"contentUrl\":\"https:\/\/resra.bruet.com\/wp-content\/uploads\/2017\/02\/bandeau-logo-arser-19-300x70.png\"},{\"@type\":\"BreadcrumbList\",\"@id\":\"https:\/\/resra.bruet.com\/fr\/une-radiotherapie-sans-complication-a-t-elle-vu-le-jour\/#breadcrumb\",\"itemListElement\":[{\"@type\":\"ListItem\",\"position\":1,\"name\":\"Accueil\",\"item\":\"https:\/\/resra.bruet.com\/fr\/\"},{\"@type\":\"ListItem\",\"position\":2,\"name\":\"Une radioth\u00e9rapie \u00ab sans complication \u00bb a-t-elle vu le jour ?\"}]},{\"@type\":\"WebSite\",\"@id\":\"https:\/\/resra.bruet.com\/fr\/#website\",\"url\":\"https:\/\/resra.bruet.com\/fr\/\",\"name\":\"Association pour la Recherche sur les S\u00e9quelles de la Radioth\u00e9rapie\",\"description\":\"Aider les patients ayant suivi une radioth\u00e9rapie \u00e0 en minimiser les s\u00e9quelles\",\"publisher\":{\"@id\":\"https:\/\/resra.bruet.com\/fr\/#organization\"},\"potentialAction\":[{\"@type\":\"SearchAction\",\"target\":{\"@type\":\"EntryPoint\",\"urlTemplate\":\"https:\/\/resra.bruet.com\/fr\/?s={search_term_string}\"},\"query-input\":{\"@type\":\"PropertyValueSpecification\",\"valueRequired\":true,\"valueName\":\"search_term_string\"}}],\"inLanguage\":\"fr-FR\"},{\"@type\":\"Organization\",\"@id\":\"https:\/\/resra.bruet.com\/fr\/#organization\",\"name\":\"Association pour la Recherche sur les S\u00e9quelles de la Radioth\u00e9rapie\",\"url\":\"https:\/\/resra.bruet.com\/fr\/\",\"logo\":{\"@type\":\"ImageObject\",\"inLanguage\":\"fr-FR\",\"@id\":\"https:\/\/resra.bruet.com\/fr\/#\/schema\/logo\/image\/\",\"url\":\"https:\/\/resra.bruet.com\/wp-content\/uploads\/2022\/03\/logo-Grand-ARSER-web-carre.jpg\",\"contentUrl\":\"https:\/\/resra.bruet.com\/wp-content\/uploads\/2022\/03\/logo-Grand-ARSER-web-carre.jpg\",\"width\":300,\"height\":300,\"caption\":\"Association pour la Recherche sur les S\u00e9quelles de la Radioth\u00e9rapie\"},\"image\":{\"@id\":\"https:\/\/resra.bruet.com\/fr\/#\/schema\/logo\/image\/\"},\"sameAs\":[\"https:\/\/www.facebook.com\/profile.php?id=100086562396208\"]},{\"@type\":\"Person\",\"@id\":\"https:\/\/resra.bruet.com\/#\/schema\/person\/bfd4d66106ac18baa3e8c590ef0409e5\",\"name\":\"AdminArser\",\"image\":{\"@type\":\"ImageObject\",\"inLanguage\":\"fr-FR\",\"@id\":\"https:\/\/resra.bruet.com\/fr\/#\/schema\/person\/image\/\",\"url\":\"https:\/\/secure.gravatar.com\/avatar\/843f6acdab194e0868e42182ea477beb5f6728f13aec135eba9b31e4308ecc64?s=96&d=blank&r=g\",\"contentUrl\":\"https:\/\/secure.gravatar.com\/avatar\/843f6acdab194e0868e42182ea477beb5f6728f13aec135eba9b31e4308ecc64?s=96&d=blank&r=g\",\"caption\":\"AdminArser\"},\"url\":\"https:\/\/resra.bruet.com\/fr\/author\/adminarser\/\"}]}<\/script>\r\n<!-- \/ Yoast SEO plugin. -->","yoast_head_json":{"title":"Une radioth\u00e9rapie \u00ab sans complication \u00bb a-t-elle vu le jour ? - Association pour la Recherche sur les S\u00e9quelles de la Radioth\u00e9rapie","robots":{"index":"index","follow":"follow","max-snippet":"max-snippet:-1","max-image-preview":"max-image-preview:large","max-video-preview":"max-video-preview:-1"},"canonical":"https:\/\/resra.bruet.com\/fr\/une-radiotherapie-sans-complication-a-t-elle-vu-le-jour\/","og_locale":"fr_FR","og_type":"article","og_title":"Une radioth\u00e9rapie \u00ab sans complication \u00bb a-t-elle vu le jour ? - Association pour la Recherche sur les S\u00e9quelles de la Radioth\u00e9rapie","og_description":"par Marie-Catherine VOZENIN, Cheffe du Laboratoire de Radiooncologie du CHUV | Centre hospitalier universitaire vaudois Professeure associ\u00e9e au service de Radio-Oncologie, Centre hospitalier universitaire vaudois et Universit\u00e9 de Lausanne Pr\u00e9sidente de l\u2019ARSER Suisse La radioth\u00e9rapie est utilis\u00e9e depuis plus d&rsquo;un si\u00e8cle pour traiter le cancer, seule ou associ\u00e9e \u00e0 une chirurgie ou chimioth\u00e9rapie. Avec les &hellip; Continuer la lecture de &laquo;&nbsp;Une radioth\u00e9rapie \u00ab sans complication \u00bb a-t-elle vu le jour ?&nbsp;&raquo;","og_url":"https:\/\/resra.bruet.com\/fr\/une-radiotherapie-sans-complication-a-t-elle-vu-le-jour\/","og_site_name":"Association pour la Recherche sur les S\u00e9quelles de la Radioth\u00e9rapie","article_publisher":"https:\/\/www.facebook.com\/profile.php?id=100086562396208","article_published_time":"2022-09-21T15:15:13+00:00","article_modified_time":"2024-01-24T13:45:17+00:00","og_image":[{"url":"https:\/\/resra.bruet.com\/wp-content\/uploads\/2017\/02\/bandeau-logo-arser-19-300x70.png","type":"","width":"","height":""}],"author":"AdminArser","twitter_card":"summary_large_image","twitter_misc":{"\u00c9crit par":"AdminArser","Dur\u00e9e de lecture estim\u00e9e":"3 minutes"},"schema":{"@context":"https:\/\/schema.org","@graph":[{"@type":"Article","@id":"https:\/\/resra.bruet.com\/une-radiotherapie-sans-complication-a-t-elle-vu-le-jour\/#article","isPartOf":{"@id":"https:\/\/resra.bruet.com\/une-radiotherapie-sans-complication-a-t-elle-vu-le-jour\/"},"author":{"name":"AdminArser","@id":"https:\/\/resra.bruet.com\/#\/schema\/person\/bfd4d66106ac18baa3e8c590ef0409e5"},"headline":"Une radioth\u00e9rapie \u00ab sans complication \u00bb a-t-elle vu le jour ?","datePublished":"2022-09-21T15:15:13+00:00","dateModified":"2024-01-24T13:45:17+00:00","mainEntityOfPage":{"@id":"https:\/\/resra.bruet.com\/une-radiotherapie-sans-complication-a-t-elle-vu-le-jour\/"},"wordCount":1003,"publisher":{"@id":"https:\/\/resra.bruet.com\/#organization"},"image":{"@id":"https:\/\/resra.bruet.com\/une-radiotherapie-sans-complication-a-t-elle-vu-le-jour\/#primaryimage"},"thumbnailUrl":"https:\/\/resra.bruet.com\/wp-content\/uploads\/2017\/02\/bandeau-logo-arser-19-300x70.png","articleSection":["Articles"],"inLanguage":"fr-FR"},{"@type":"WebPage","@id":"https:\/\/resra.bruet.com\/fr\/une-radiotherapie-sans-complication-a-t-elle-vu-le-jour\/","url":"https:\/\/resra.bruet.com\/fr\/une-radiotherapie-sans-complication-a-t-elle-vu-le-jour\/","name":"Une radioth\u00e9rapie \u00ab sans complication \u00bb a-t-elle vu le jour ? - Association pour la Recherche sur les S\u00e9quelles de la Radioth\u00e9rapie","isPartOf":{"@id":"https:\/\/resra.bruet.com\/fr\/#website"},"primaryImageOfPage":{"@id":"https:\/\/resra.bruet.com\/fr\/une-radiotherapie-sans-complication-a-t-elle-vu-le-jour\/#primaryimage"},"image":{"@id":"https:\/\/resra.bruet.com\/une-radiotherapie-sans-complication-a-t-elle-vu-le-jour\/#primaryimage"},"thumbnailUrl":"https:\/\/resra.bruet.com\/wp-content\/uploads\/2017\/02\/bandeau-logo-arser-19-300x70.png","datePublished":"2022-09-21T15:15:13+00:00","dateModified":"2024-01-24T13:45:17+00:00","breadcrumb":{"@id":"https:\/\/resra.bruet.com\/fr\/une-radiotherapie-sans-complication-a-t-elle-vu-le-jour\/#breadcrumb"},"inLanguage":"fr-FR","potentialAction":[{"@type":"ReadAction","target":[["https:\/\/resra.bruet.com\/fr\/une-radiotherapie-sans-complication-a-t-elle-vu-le-jour\/"]]}]},{"@type":"ImageObject","inLanguage":"fr-FR","@id":"https:\/\/resra.bruet.com\/fr\/une-radiotherapie-sans-complication-a-t-elle-vu-le-jour\/#primaryimage","url":"https:\/\/resra.bruet.com\/wp-content\/uploads\/2017\/02\/bandeau-logo-arser-19-300x70.png","contentUrl":"https:\/\/resra.bruet.com\/wp-content\/uploads\/2017\/02\/bandeau-logo-arser-19-300x70.png"},{"@type":"BreadcrumbList","@id":"https:\/\/resra.bruet.com\/fr\/une-radiotherapie-sans-complication-a-t-elle-vu-le-jour\/#breadcrumb","itemListElement":[{"@type":"ListItem","position":1,"name":"Accueil","item":"https:\/\/resra.bruet.com\/fr\/"},{"@type":"ListItem","position":2,"name":"Une radioth\u00e9rapie \u00ab sans complication \u00bb a-t-elle vu le jour ?"}]},{"@type":"WebSite","@id":"https:\/\/resra.bruet.com\/fr\/#website","url":"https:\/\/resra.bruet.com\/fr\/","name":"Association pour la Recherche sur les S\u00e9quelles de la Radioth\u00e9rapie","description":"Aider les patients ayant suivi une radioth\u00e9rapie \u00e0 en minimiser les s\u00e9quelles","publisher":{"@id":"https:\/\/resra.bruet.com\/fr\/#organization"},"potentialAction":[{"@type":"SearchAction","target":{"@type":"EntryPoint","urlTemplate":"https:\/\/resra.bruet.com\/fr\/?s={search_term_string}"},"query-input":{"@type":"PropertyValueSpecification","valueRequired":true,"valueName":"search_term_string"}}],"inLanguage":"fr-FR"},{"@type":"Organization","@id":"https:\/\/resra.bruet.com\/fr\/#organization","name":"Association pour la Recherche sur les S\u00e9quelles de la Radioth\u00e9rapie","url":"https:\/\/resra.bruet.com\/fr\/","logo":{"@type":"ImageObject","inLanguage":"fr-FR","@id":"https:\/\/resra.bruet.com\/fr\/#\/schema\/logo\/image\/","url":"https:\/\/resra.bruet.com\/wp-content\/uploads\/2022\/03\/logo-Grand-ARSER-web-carre.jpg","contentUrl":"https:\/\/resra.bruet.com\/wp-content\/uploads\/2022\/03\/logo-Grand-ARSER-web-carre.jpg","width":300,"height":300,"caption":"Association pour la Recherche sur les S\u00e9quelles de la Radioth\u00e9rapie"},"image":{"@id":"https:\/\/resra.bruet.com\/fr\/#\/schema\/logo\/image\/"},"sameAs":["https:\/\/www.facebook.com\/profile.php?id=100086562396208"]},{"@type":"Person","@id":"https:\/\/resra.bruet.com\/#\/schema\/person\/bfd4d66106ac18baa3e8c590ef0409e5","name":"AdminArser","image":{"@type":"ImageObject","inLanguage":"fr-FR","@id":"https:\/\/resra.bruet.com\/fr\/#\/schema\/person\/image\/","url":"https:\/\/secure.gravatar.com\/avatar\/843f6acdab194e0868e42182ea477beb5f6728f13aec135eba9b31e4308ecc64?s=96&d=blank&r=g","contentUrl":"https:\/\/secure.gravatar.com\/avatar\/843f6acdab194e0868e42182ea477beb5f6728f13aec135eba9b31e4308ecc64?s=96&d=blank&r=g","caption":"AdminArser"},"url":"https:\/\/resra.bruet.com\/fr\/author\/adminarser\/"}]}},"_links":{"self":[{"href":"https:\/\/resra.bruet.com\/fr\/wp-json\/wp\/v2\/posts\/11287","targetHints":{"allow":["GET"]}}],"collection":[{"href":"https:\/\/resra.bruet.com\/fr\/wp-json\/wp\/v2\/posts"}],"about":[{"href":"https:\/\/resra.bruet.com\/fr\/wp-json\/wp\/v2\/types\/post"}],"author":[{"embeddable":true,"href":"https:\/\/resra.bruet.com\/fr\/wp-json\/wp\/v2\/users\/1519"}],"replies":[{"embeddable":true,"href":"https:\/\/resra.bruet.com\/fr\/wp-json\/wp\/v2\/comments?post=11287"}],"version-history":[{"count":9,"href":"https:\/\/resra.bruet.com\/fr\/wp-json\/wp\/v2\/posts\/11287\/revisions"}],"predecessor-version":[{"id":11589,"href":"https:\/\/resra.bruet.com\/fr\/wp-json\/wp\/v2\/posts\/11287\/revisions\/11589"}],"wp:attachment":[{"href":"https:\/\/resra.bruet.com\/fr\/wp-json\/wp\/v2\/media?parent=11287"}],"wp:term":[{"taxonomy":"category","embeddable":true,"href":"https:\/\/resra.bruet.com\/fr\/wp-json\/wp\/v2\/categories?post=11287"},{"taxonomy":"post_tag","embeddable":true,"href":"https:\/\/resra.bruet.com\/fr\/wp-json\/wp\/v2\/tags?post=11287"}],"curies":[{"name":"wp","href":"https:\/\/api.w.org\/{rel}","templated":true}]}}