{"id":102,"date":"2016-10-25T11:34:20","date_gmt":"2016-10-25T09:34:20","guid":{"rendered":"http:\/\/arser.org\/?p=102"},"modified":"2022-06-20T15:37:43","modified_gmt":"2022-06-20T13:37:43","slug":"edito","status":"publish","type":"post","link":"https:\/\/resra.bruet.com\/fr\/edito\/","title":{"rendered":"Ost\u00e9oradion\u00e9crose"},"content":{"rendered":"<p>Membre de l\u2019ARSER, j\u2019ai t\u00e9moign\u00e9 lors de l\u2019\u00e9mission \u00ab Allo Docteurs \u00bb le lundi 23 mai 2016 sur France 5, en tant que patient pr\u00e9sentant des s\u00e9quelles tardives d\u2019une radioth\u00e9rapie ORL.<\/p>\n<p>Le bureau de notre Association a jug\u00e9 utile que j\u2019expose, dans un \u00e9ditorial, mon parcours qui m\u2019a conduit \u00e0 une gu\u00e9rison et une vie acceptable. Alors \u00e2g\u00e9 de 48 ans, j\u2019ai pr\u00e9sent\u00e9 un cancer ORL en 1994. Des odeurs buccales inhabituelles \u00e9taient apparues : j\u2019ai consult\u00e9 mon stomatologiste habituel lequel, apr\u00e8s examen, m\u2019a confirm\u00e9 que la cause n\u2019\u00e9tait pas dentaire. Une g\u00eane \u00e0 la d\u00e9glutition \u00e9tait \u00e9galement pr\u00e9sente, mon oto-rhino a constat\u00e9 une anomalie \u00e0 la base de langue. Apr\u00e8s biopsie, il m\u2019a appris que je pr\u00e9sentais une tumeur canc\u00e9reuse (carcinome peu diff\u00e9renci\u00e9 infiltrant ulc\u00e9r\u00e9).<\/p>\n<p>J\u2019ai donc \u00e9t\u00e9 dirig\u00e9 vers une unit\u00e9 sp\u00e9cialis\u00e9e ORL \u00e0 l\u2019H\u00f4pital Bichat (Dr Jo\u00ebl Depondt). A l\u2019issue de cette consultation, une op\u00e9ration chirurgicale de la langue semblait \u00e9vidente malgr\u00e9 les cons\u00e9quences in\u00e9vitables sur le plan esth\u00e9tique et les difficult\u00e9s ult\u00e9rieures pour la parole et l\u2019alimentation. Inutile de vous dire que j\u2019\u00e9tais SOUS LE CHOC.<\/p>\n<p>Suite \u00e0 un nouveau rendez-vous avec le Dr Depondt, celui-ci m\u2019informe que lors d\u2019une r\u00e9union entre m\u00e9decins, dont le Dr Sylvie Delanian Oncologue Radioth\u00e9rapeute, il a \u00e9t\u00e9 propos\u00e9 un traitement par RADIOTHERAPIE EXCLUSIVE au Cobalt (\u00e0 la dose 45Gy) associ\u00e9e \u00e0 une CHIMIOTHERAPIE (Carboplatine) suivi de CURITHERAPIE \u00e0 l\u2019Iridium \u00e0 la dose 30 Gy (Dr Delanian H\u00f4pital St-Louis).<\/p>\n<p>Six semaines apr\u00e8s ce traitement conservateur, la tumeur avait compl\u00e9tement disparu.<\/p>\n<p>J\u2019AI TOUJOURS EU LE MORAL, me sachant entre les mains d\u2019une \u00e9quipe comp\u00e9tente et \u00e0 l\u2019\u00e9coute. Durant mes s\u00e9ances de radioth\u00e9rapie ou chimioth\u00e9rapie, je ne me suis JAMAIS ARR\u00caT\u00c9 DE TRAVAILLER afin de vivre normalement, comme tout le monde. Seul un arr\u00eat de trois semaines m\u2019a \u00e9t\u00e9 impos\u00e9 apr\u00e8s la Curieth\u00e9rapie, \u00e0 cause d\u2019une importante perte de poids et d\u2019une grande fatigue.<\/p>\n<p>J\u2019ai pr\u00e9sent\u00e9 des r\u00e9actions pendant la radioth\u00e9rapie : la muqueuse buccale \u00e9tait rouge et sensible. Puis des r\u00e9actions imm\u00e9diates (dans les semaines qui ont suivi) transitoires juste apr\u00e8s le traitement :<br \/>\nUne s\u00e9cheresse buccale (hyposlalie) m\u2019imposant de boire souvent<br \/>\nUne perte totale du go\u00fbt associ\u00e9e \u00e0 une langue noire (mycose), m\u2019emp\u00eachant de faire une diff\u00e9rence entre les aliments, suivie d\u2019une perte de poids importante<br \/>\nLa peau des joues s\u00e8che<br \/>\nUn double menton avec gonflement (\u00ab jabot \u00bb sous-mentonnier)<br \/>\nDes douleurs de langue li\u00e9es \u00e0 une ulc\u00e9ration en zone de curieth\u00e9rapie Puis ces premi\u00e8res r\u00e9actions sont rentr\u00e9es dans l\u2019ordre, tandis que je ne souffrais plus que de douleurs cervicales et aux oreilles, de temps en temps. J\u2019ai tout de m\u00eame perdu mon emploi\u2026 Alors j\u2019ai d\u00e9cid\u00e9 de cr\u00e9er mon entreprise, la maladie m\u2019avait endurci\u2026<\/p>\n<p>Alors que je me croyais enfin tranquille, 8 ans apr\u00e8s, j\u2019ai souffert d\u2019une forte douleur dentaire pour laquelle mon dentiste m\u2019a extrait la dent de sagesse droite. Mais je n\u2019ai pas cicatris\u00e9, des douleurs locales puis dans le nerf dentaire sont apparues, malgr\u00e9 les extractions dentaires avant traitement de Radioth\u00e9rapie et les goutti\u00e8res fluor\u00e9es apr\u00e8s.<\/p>\n<p>Une OSTEORADIONECROSE mandibulaire (trou osseux) s\u2019est alors d\u00e9velopp\u00e9e avec des douleurs mandibulaires violentes associ\u00e9es \u00e0 une anesth\u00e9sie du menton et des fourmillements sur le trajet du nerf dentaire inf\u00e9rieur, je me mordais la langue. Ces douleurs violentes ont \u00e9t\u00e9 trait\u00e9es par morphine de longs mois alors que je consultais le Centre antidouleur de l\u2019H\u00f4pital Bich\u00e2t. Des traitements antibiotiques se sont succ\u00e9d\u00e9s mais ne permettaient qu\u2019un apaisement partiel et de quelques semaines. Apr\u00e8s 6 mois d\u2019\u00e9volution, Le Dr Delanian m\u2019a propos\u00e9 de b\u00e9n\u00e9ficier d\u2019un traitement qu\u2019elle avait mis au point pour cela (il n\u2019avait pas encore de nom, mais depuis il s\u2019appelle \u00ab PENTOCLO \u00bb). J\u2019ai pris ce traitement pendant 3 ans, contr\u00f4l\u00e9 par panoramique dentaire r\u00e9gulier. Petit \u00e0 petit les douleurs ont diminu\u00e9, le trou en bouche s\u2019est referm\u00e9 et les infections se sont faites plus rares\u2026 jusqu\u2019\u00e0 cicatrisation en surface d\u2019abord dans la bouche, (un s\u00e9questre osseux ou morceau d\u2019os \u00ab pourri \u00bb de 1 cm est sorti tout seul juste avant) ; puis en profondeur, permettant la r\u00e9duction puis l\u2019arr\u00eat des fourmillements du menton en 3 ans. J\u2019avoue avoir repris le tabac dans certains moments difficiles, ce qui n\u2019aidait pas \u00e0 contr\u00f4ler la situation\u2026 Mais j\u2019ai eu la joie de constater que je pouvais d\u00e9finitivement arr\u00eater la morphine apr\u00e8s quelques mois, puis que le niveau de l\u2019os remontait sur les radios et le scanner mandibulaire. On a alors tout arr\u00eat\u00e9 en 2007 ! C\u2019\u00e9tait sans compter sur un nouvel \u00e9v\u00e9nement\u2026 J\u2019ai en effet souffert ensuite de mes art\u00e8res du cou, la carotide gauche. J\u2019ai pr\u00e9sent\u00e9 brutalement un \u00e9pisode neurologique bref avec trouble de la vision, vertiges et troubles de la parole par accident vasculaire c\u00e9r\u00e9bral Isch\u00e9mique. Le bilan a montr\u00e9 que j\u2019avais une st\u00e9nose serr\u00e9e de l\u2019art\u00e8re carotide \u00e0 90 %, que l\u2019on a pu rattacher aussi \u00e0 la radioth\u00e9rapie sans pour autant lui attribuer toute la faute puisque le tabac \u00e9tait pass\u00e9 par l\u00e0\u2026<\/p>\n<p>La st\u00e9nose carotide art\u00e9rielle a \u00e9t\u00e9 trait\u00e9e par ENDARTERIECTOMIE et PONTAGE. Lors de cette intervention, le chirurgien a eu beaucoup de difficult\u00e9s (qu\u2019il a surmont\u00e9es) en partie dues \u00e0 la fibrose cervicale de la radioth\u00e9rapie. J\u2019ai pu \u00e0 nouveau b\u00e9n\u00e9ficier du \u00ab PENTOCLO \u00bb 6 mois en post-op\u00e9ratoire pour aider \u00e0 la r\u00e9cup\u00e9ration neurologique et la parole est revenue fluide \u00e0 95 %.<\/p>\n<p>Ainsi, mon parcours m\u00e9dical sur 22 ans a \u00e9t\u00e9 compliqu\u00e9 et douloureux, mais il a abouti \u00e0 une gu\u00e9rison satisfaisante, non seulement du cancer mais des s\u00e9quelles associ\u00e9es au traitement du cancer. Je tiens \u00e0 remercier les m\u00e9decins qui m\u2019ont trait\u00e9 et soutenu pendant ces longues ann\u00e9es, et qui m\u2019accompagnent encore, en particulier le Dr Jo\u00ebl Depondt et le Dr Sylvie Delanian.<\/p>\n<p>Jean-Michel R.<\/p>\n<p>Vous retrouverez cet \u00e9ditorial dans le Forum du site ARSER. Vous pourrez donc y \u00e9crire librement vos commentaires et vos questions, qui seront les bienvenus.<\/p>","protected":false},"excerpt":{"rendered":"<p>Membre de l\u2019ARSER, j\u2019ai t\u00e9moign\u00e9 lors de l\u2019\u00e9mission \u00ab Allo Docteurs \u00bb le lundi 23 mai 2016 sur France 5, en tant que patient pr\u00e9sentant des s\u00e9quelles tardives d\u2019une radioth\u00e9rapie ORL. Le bureau de notre Association a jug\u00e9 utile que j\u2019expose, dans un \u00e9ditorial, mon parcours qui m\u2019a conduit \u00e0 une gu\u00e9rison et une vie &hellip; <a href=\"https:\/\/resra.bruet.com\/fr\/edito\/\" class=\"more-link\">Continuer la lecture<span class=\"screen-reader-text\"> de &laquo;&nbsp;Ost\u00e9oradion\u00e9crose&nbsp;&raquo;<\/span><\/a><\/p>\n","protected":false},"author":1,"featured_media":0,"comment_status":"closed","ping_status":"closed","sticky":false,"template":"","format":"standard","meta":{"_bbp_topic_count":0,"_bbp_reply_count":0,"_bbp_total_topic_count":0,"_bbp_total_reply_count":0,"_bbp_voice_count":0,"_bbp_anonymous_reply_count":0,"_bbp_topic_count_hidden":0,"_bbp_reply_count_hidden":0,"_bbp_forum_subforum_count":0,"footnotes":""},"categories":[10],"tags":[],"class_list":["post-102","post","type-post","status-publish","format-standard","hentry","category-temoignage"],"yoast_head":"<!-- This site is optimized with the Yoast SEO plugin v27.1.1 - https:\/\/yoast.com\/product\/yoast-seo-wordpress\/ -->\r\n<title>Ost\u00e9oradion\u00e9crose - Association pour la Recherche sur les S\u00e9quelles de la Radioth\u00e9rapie<\/title>\r\n<meta name=\"robots\" content=\"index, follow, max-snippet:-1, max-image-preview:large, max-video-preview:-1\" \/>\r\n<link rel=\"canonical\" href=\"https:\/\/resra.bruet.com\/fr\/edito\/\" \/>\r\n<meta property=\"og:locale\" content=\"fr_FR\" \/>\r\n<meta property=\"og:type\" content=\"article\" \/>\r\n<meta property=\"og:title\" content=\"Ost\u00e9oradion\u00e9crose - Association pour la Recherche sur les S\u00e9quelles de la Radioth\u00e9rapie\" \/>\r\n<meta property=\"og:description\" content=\"Membre de l\u2019ARSER, j\u2019ai t\u00e9moign\u00e9 lors de l\u2019\u00e9mission \u00ab Allo Docteurs \u00bb le lundi 23 mai 2016 sur France 5, en tant que patient pr\u00e9sentant des s\u00e9quelles tardives d\u2019une radioth\u00e9rapie ORL. Le bureau de notre Association a jug\u00e9 utile que j\u2019expose, dans un \u00e9ditorial, mon parcours qui m\u2019a conduit \u00e0 une gu\u00e9rison et une vie &hellip; Continuer la lecture de &laquo;&nbsp;Ost\u00e9oradion\u00e9crose&nbsp;&raquo;\" \/>\r\n<meta property=\"og:url\" content=\"https:\/\/resra.bruet.com\/fr\/edito\/\" \/>\r\n<meta property=\"og:site_name\" content=\"Association pour la Recherche sur les S\u00e9quelles de la Radioth\u00e9rapie\" \/>\r\n<meta property=\"article:publisher\" content=\"https:\/\/www.facebook.com\/profile.php?id=100086562396208\" \/>\r\n<meta property=\"article:published_time\" content=\"2016-10-25T09:34:20+00:00\" \/>\r\n<meta property=\"article:modified_time\" content=\"2022-06-20T13:37:43+00:00\" \/>\r\n<meta name=\"author\" content=\"adminC\" \/>\r\n<meta name=\"twitter:card\" content=\"summary_large_image\" \/>\r\n<meta name=\"twitter:label1\" content=\"\u00c9crit par\" \/>\n\t<meta name=\"twitter:data1\" content=\"adminC\" \/>\n\t<meta name=\"twitter:label2\" content=\"Dur\u00e9e de lecture estim\u00e9e\" \/>\n\t<meta name=\"twitter:data2\" content=\"10 minutes\" \/>\r\n<script type=\"application\/ld+json\" class=\"yoast-schema-graph\">{\"@context\":\"https:\/\/schema.org\",\"@graph\":[{\"@type\":\"Article\",\"@id\":\"https:\/\/resra.bruet.com\/edito\/#article\",\"isPartOf\":{\"@id\":\"https:\/\/resra.bruet.com\/edito\/\"},\"author\":{\"name\":\"adminC\",\"@id\":\"https:\/\/resra.bruet.com\/#\/schema\/person\/bf85e76615ee71b054ca0af4ac792a84\"},\"headline\":\"Ost\u00e9oradion\u00e9crose\",\"datePublished\":\"2016-10-25T09:34:20+00:00\",\"dateModified\":\"2022-06-20T13:37:43+00:00\",\"mainEntityOfPage\":{\"@id\":\"https:\/\/resra.bruet.com\/edito\/\"},\"wordCount\":1980,\"publisher\":{\"@id\":\"https:\/\/resra.bruet.com\/#organization\"},\"articleSection\":[\"T\u00e9moignages\"],\"inLanguage\":\"fr-FR\"},{\"@type\":\"WebPage\",\"@id\":\"https:\/\/resra.bruet.com\/fr\/edito\/\",\"url\":\"https:\/\/resra.bruet.com\/fr\/edito\/\",\"name\":\"Ost\u00e9oradion\u00e9crose - Association pour la Recherche sur les S\u00e9quelles de la Radioth\u00e9rapie\",\"isPartOf\":{\"@id\":\"https:\/\/resra.bruet.com\/fr\/#website\"},\"datePublished\":\"2016-10-25T09:34:20+00:00\",\"dateModified\":\"2022-06-20T13:37:43+00:00\",\"breadcrumb\":{\"@id\":\"https:\/\/resra.bruet.com\/fr\/edito\/#breadcrumb\"},\"inLanguage\":\"fr-FR\",\"potentialAction\":[{\"@type\":\"ReadAction\",\"target\":[[\"https:\/\/resra.bruet.com\/fr\/edito\/\"]]}]},{\"@type\":\"BreadcrumbList\",\"@id\":\"https:\/\/resra.bruet.com\/fr\/edito\/#breadcrumb\",\"itemListElement\":[{\"@type\":\"ListItem\",\"position\":1,\"name\":\"Accueil\",\"item\":\"https:\/\/resra.bruet.com\/fr\/\"},{\"@type\":\"ListItem\",\"position\":2,\"name\":\"Ost\u00e9oradion\u00e9crose\"}]},{\"@type\":\"WebSite\",\"@id\":\"https:\/\/resra.bruet.com\/fr\/#website\",\"url\":\"https:\/\/resra.bruet.com\/fr\/\",\"name\":\"Association pour la Recherche sur les S\u00e9quelles de la Radioth\u00e9rapie\",\"description\":\"Aider les patients ayant suivi une radioth\u00e9rapie \u00e0 en minimiser les s\u00e9quelles\",\"publisher\":{\"@id\":\"https:\/\/resra.bruet.com\/fr\/#organization\"},\"potentialAction\":[{\"@type\":\"SearchAction\",\"target\":{\"@type\":\"EntryPoint\",\"urlTemplate\":\"https:\/\/resra.bruet.com\/fr\/?s={search_term_string}\"},\"query-input\":{\"@type\":\"PropertyValueSpecification\",\"valueRequired\":true,\"valueName\":\"search_term_string\"}}],\"inLanguage\":\"fr-FR\"},{\"@type\":\"Organization\",\"@id\":\"https:\/\/resra.bruet.com\/fr\/#organization\",\"name\":\"Association pour la Recherche sur les S\u00e9quelles de la Radioth\u00e9rapie\",\"url\":\"https:\/\/resra.bruet.com\/fr\/\",\"logo\":{\"@type\":\"ImageObject\",\"inLanguage\":\"fr-FR\",\"@id\":\"https:\/\/resra.bruet.com\/fr\/#\/schema\/logo\/image\/\",\"url\":\"https:\/\/resra.bruet.com\/wp-content\/uploads\/2022\/03\/logo-Grand-ARSER-web-carre.jpg\",\"contentUrl\":\"https:\/\/resra.bruet.com\/wp-content\/uploads\/2022\/03\/logo-Grand-ARSER-web-carre.jpg\",\"width\":300,\"height\":300,\"caption\":\"Association pour la Recherche sur les S\u00e9quelles de la Radioth\u00e9rapie\"},\"image\":{\"@id\":\"https:\/\/resra.bruet.com\/fr\/#\/schema\/logo\/image\/\"},\"sameAs\":[\"https:\/\/www.facebook.com\/profile.php?id=100086562396208\"]},{\"@type\":\"Person\",\"@id\":\"https:\/\/resra.bruet.com\/#\/schema\/person\/bf85e76615ee71b054ca0af4ac792a84\",\"name\":\"adminC\",\"image\":{\"@type\":\"ImageObject\",\"inLanguage\":\"fr-FR\",\"@id\":\"https:\/\/resra.bruet.com\/fr\/#\/schema\/person\/image\/\",\"url\":\"https:\/\/secure.gravatar.com\/avatar\/15fa25f064ea0f6cd4b5084949f109494363c688305276a8091d028dba8016b9?s=96&d=blank&r=g\",\"contentUrl\":\"https:\/\/secure.gravatar.com\/avatar\/15fa25f064ea0f6cd4b5084949f109494363c688305276a8091d028dba8016b9?s=96&d=blank&r=g\",\"caption\":\"adminC\"},\"url\":\"https:\/\/resra.bruet.com\/fr\/author\/admichris64\/\"}]}<\/script>\r\n<!-- \/ Yoast SEO plugin. -->","yoast_head_json":{"title":"Ost\u00e9oradion\u00e9crose - Association pour la Recherche sur les S\u00e9quelles de la Radioth\u00e9rapie","robots":{"index":"index","follow":"follow","max-snippet":"max-snippet:-1","max-image-preview":"max-image-preview:large","max-video-preview":"max-video-preview:-1"},"canonical":"https:\/\/resra.bruet.com\/fr\/edito\/","og_locale":"fr_FR","og_type":"article","og_title":"Ost\u00e9oradion\u00e9crose - Association pour la Recherche sur les S\u00e9quelles de la Radioth\u00e9rapie","og_description":"Membre de l\u2019ARSER, j\u2019ai t\u00e9moign\u00e9 lors de l\u2019\u00e9mission \u00ab Allo Docteurs \u00bb le lundi 23 mai 2016 sur France 5, en tant que patient pr\u00e9sentant des s\u00e9quelles tardives d\u2019une radioth\u00e9rapie ORL. Le bureau de notre Association a jug\u00e9 utile que j\u2019expose, dans un \u00e9ditorial, mon parcours qui m\u2019a conduit \u00e0 une gu\u00e9rison et une vie &hellip; Continuer la lecture de &laquo;&nbsp;Ost\u00e9oradion\u00e9crose&nbsp;&raquo;","og_url":"https:\/\/resra.bruet.com\/fr\/edito\/","og_site_name":"Association pour la Recherche sur les S\u00e9quelles de la Radioth\u00e9rapie","article_publisher":"https:\/\/www.facebook.com\/profile.php?id=100086562396208","article_published_time":"2016-10-25T09:34:20+00:00","article_modified_time":"2022-06-20T13:37:43+00:00","author":"adminC","twitter_card":"summary_large_image","twitter_misc":{"\u00c9crit par":"adminC","Dur\u00e9e de lecture estim\u00e9e":"10 minutes"},"schema":{"@context":"https:\/\/schema.org","@graph":[{"@type":"Article","@id":"https:\/\/resra.bruet.com\/edito\/#article","isPartOf":{"@id":"https:\/\/resra.bruet.com\/edito\/"},"author":{"name":"adminC","@id":"https:\/\/resra.bruet.com\/#\/schema\/person\/bf85e76615ee71b054ca0af4ac792a84"},"headline":"Ost\u00e9oradion\u00e9crose","datePublished":"2016-10-25T09:34:20+00:00","dateModified":"2022-06-20T13:37:43+00:00","mainEntityOfPage":{"@id":"https:\/\/resra.bruet.com\/edito\/"},"wordCount":1980,"publisher":{"@id":"https:\/\/resra.bruet.com\/#organization"},"articleSection":["T\u00e9moignages"],"inLanguage":"fr-FR"},{"@type":"WebPage","@id":"https:\/\/resra.bruet.com\/fr\/edito\/","url":"https:\/\/resra.bruet.com\/fr\/edito\/","name":"Ost\u00e9oradion\u00e9crose - Association pour la Recherche sur les S\u00e9quelles de la Radioth\u00e9rapie","isPartOf":{"@id":"https:\/\/resra.bruet.com\/fr\/#website"},"datePublished":"2016-10-25T09:34:20+00:00","dateModified":"2022-06-20T13:37:43+00:00","breadcrumb":{"@id":"https:\/\/resra.bruet.com\/fr\/edito\/#breadcrumb"},"inLanguage":"fr-FR","potentialAction":[{"@type":"ReadAction","target":[["https:\/\/resra.bruet.com\/fr\/edito\/"]]}]},{"@type":"BreadcrumbList","@id":"https:\/\/resra.bruet.com\/fr\/edito\/#breadcrumb","itemListElement":[{"@type":"ListItem","position":1,"name":"Accueil","item":"https:\/\/resra.bruet.com\/fr\/"},{"@type":"ListItem","position":2,"name":"Ost\u00e9oradion\u00e9crose"}]},{"@type":"WebSite","@id":"https:\/\/resra.bruet.com\/fr\/#website","url":"https:\/\/resra.bruet.com\/fr\/","name":"Association pour la Recherche sur les S\u00e9quelles de la Radioth\u00e9rapie","description":"Aider les patients ayant suivi une radioth\u00e9rapie \u00e0 en minimiser les s\u00e9quelles","publisher":{"@id":"https:\/\/resra.bruet.com\/fr\/#organization"},"potentialAction":[{"@type":"SearchAction","target":{"@type":"EntryPoint","urlTemplate":"https:\/\/resra.bruet.com\/fr\/?s={search_term_string}"},"query-input":{"@type":"PropertyValueSpecification","valueRequired":true,"valueName":"search_term_string"}}],"inLanguage":"fr-FR"},{"@type":"Organization","@id":"https:\/\/resra.bruet.com\/fr\/#organization","name":"Association pour la Recherche sur les S\u00e9quelles de la Radioth\u00e9rapie","url":"https:\/\/resra.bruet.com\/fr\/","logo":{"@type":"ImageObject","inLanguage":"fr-FR","@id":"https:\/\/resra.bruet.com\/fr\/#\/schema\/logo\/image\/","url":"https:\/\/resra.bruet.com\/wp-content\/uploads\/2022\/03\/logo-Grand-ARSER-web-carre.jpg","contentUrl":"https:\/\/resra.bruet.com\/wp-content\/uploads\/2022\/03\/logo-Grand-ARSER-web-carre.jpg","width":300,"height":300,"caption":"Association pour la Recherche sur les S\u00e9quelles de la Radioth\u00e9rapie"},"image":{"@id":"https:\/\/resra.bruet.com\/fr\/#\/schema\/logo\/image\/"},"sameAs":["https:\/\/www.facebook.com\/profile.php?id=100086562396208"]},{"@type":"Person","@id":"https:\/\/resra.bruet.com\/#\/schema\/person\/bf85e76615ee71b054ca0af4ac792a84","name":"adminC","image":{"@type":"ImageObject","inLanguage":"fr-FR","@id":"https:\/\/resra.bruet.com\/fr\/#\/schema\/person\/image\/","url":"https:\/\/secure.gravatar.com\/avatar\/15fa25f064ea0f6cd4b5084949f109494363c688305276a8091d028dba8016b9?s=96&d=blank&r=g","contentUrl":"https:\/\/secure.gravatar.com\/avatar\/15fa25f064ea0f6cd4b5084949f109494363c688305276a8091d028dba8016b9?s=96&d=blank&r=g","caption":"adminC"},"url":"https:\/\/resra.bruet.com\/fr\/author\/admichris64\/"}]}},"_links":{"self":[{"href":"https:\/\/resra.bruet.com\/fr\/wp-json\/wp\/v2\/posts\/102","targetHints":{"allow":["GET"]}}],"collection":[{"href":"https:\/\/resra.bruet.com\/fr\/wp-json\/wp\/v2\/posts"}],"about":[{"href":"https:\/\/resra.bruet.com\/fr\/wp-json\/wp\/v2\/types\/post"}],"author":[{"embeddable":true,"href":"https:\/\/resra.bruet.com\/fr\/wp-json\/wp\/v2\/users\/1"}],"replies":[{"embeddable":true,"href":"https:\/\/resra.bruet.com\/fr\/wp-json\/wp\/v2\/comments?post=102"}],"version-history":[{"count":13,"href":"https:\/\/resra.bruet.com\/fr\/wp-json\/wp\/v2\/posts\/102\/revisions"}],"predecessor-version":[{"id":10817,"href":"https:\/\/resra.bruet.com\/fr\/wp-json\/wp\/v2\/posts\/102\/revisions\/10817"}],"wp:attachment":[{"href":"https:\/\/resra.bruet.com\/fr\/wp-json\/wp\/v2\/media?parent=102"}],"wp:term":[{"taxonomy":"category","embeddable":true,"href":"https:\/\/resra.bruet.com\/fr\/wp-json\/wp\/v2\/categories?post=102"},{"taxonomy":"post_tag","embeddable":true,"href":"https:\/\/resra.bruet.com\/fr\/wp-json\/wp\/v2\/tags?post=102"}],"curies":[{"name":"wp","href":"https:\/\/api.w.org\/{rel}","templated":true}]}}