{"id":18622,"date":"2024-05-07T20:23:37","date_gmt":"2024-05-07T18:23:37","guid":{"rendered":"https:\/\/arser.org\/?p=18622"},"modified":"2024-05-07T20:25:00","modified_gmt":"2024-05-07T18:25:00","slug":"compte-rendu-de-lassemblee-generale-ordinaire-du-6-avril-2024","status":"publish","type":"post","link":"https:\/\/resra.bruet.com\/en\/compte-rendu-de-lassemblee-generale-ordinaire-du-6-avril-2024\/","title":{"rendered":"(Fran\u00e7ais) Compte-rendu de L\u2019ASSEMBLEE GENERALE ORDINAIRE du 6 avril 2024"},"content":{"rendered":"<p class=\"qtranxs-available-languages-message qtranxs-available-languages-message-en\">Sorry, this entry is only available in <a href=\"https:\/\/resra.bruet.com\/fr\/wp-json\/wp\/v2\/posts\/18622\" class=\"qtranxs-available-language-link qtranxs-available-language-link-fr\" title=\"Fran\u00e7ais\">Fran\u00e7ais<\/a>.<\/p><p><\/p>\n<p style=\"text-align: center;\">Les membres de l\u2019Association ont \u00e9t\u00e9 convoqu\u00e9s par courrier \u00e9lectronique le 03 avril 2023 \u00e0<br \/>\nparticiper \u00e0 l\u2018 AGO de l\u2019ARSER, en pr\u00e9sentiel <strong>Le samedi 6 avril 2024<\/strong><br \/>\nh\u00e9berg\u00e9e au <strong>Centre Canc\u00e9rologique de la Porte de Saint Cloud,<\/strong><br \/>\nsalle de r\u00e9union au 30 rue de Paris, 92100 Boulogne<\/p>\n<p><strong>28 adh\u00e9rents de l\u2019ARSER<\/strong> ont particip\u00e9 \u00e0 cette AGO : 7 pr\u00e9sents et 21 repr\u00e9sent\u00e9s et 2 en visio. Le Quorum \u00e9tant atteint, L\u2019AGO peut valablement d\u00e9lib\u00e9rer, dans le respect des statuts.<\/p>\n<p><strong>La s\u00e9ance est ouverte \u00e0 10h30<\/strong><br \/>\nLa Pr\u00e9sidente de l\u2019ARSER, <strong>Pr Sylvie DELANIAN<\/strong>, souhaite la bienvenue aux membres pr\u00e9sents et en visioconf\u00e9rence et les remercie de leur pr\u00e9sence. Elle remercie \u00e9galement les adh\u00e9rents qui ont envoy\u00e9 leur pouvoir preuve de leur int\u00e9r\u00eat pour notre association.<br \/>\nLa raison d\u2019\u00eatre de l\u2019ARSER \u00e9tait et demeure : aider les patients souvent affaiblis, en s\u2019appuyant sur la recherche m\u00e9dicale, et en suscitant des \u00e9changes entre eux. L\u2019ARSER s\u2019est donn\u00e9 \u00e9galement comme mission d\u2019informer patients et m\u00e9decins des progr\u00e8s de la recherche et ses applications dans le domaine des s\u00e9quelles de la radioth\u00e9rapie.<br \/>\n<strong>Roselyne NICOLAS<\/strong>, Secr\u00e9taire G\u00e9n\u00e9rale de l\u2019ARSER, remercie les adh\u00e9rent(e)s d\u2019\u00eatre pr\u00e9sent(e)s ou en visioconf\u00e9rence, elle remercie \u00e9galement les personnes qui ont accept\u00e9 les pouvoirs afin que le quorum<br \/>\nsoit atteint. Elle pr\u00e9cise que seuls les membres \u00e0 jour de leur cotisation en 2023 peuvent assister \u00e0 l\u2019Assembl\u00e9e G\u00e9n\u00e9rale Ordinaire et participer aux votes (soit en pr\u00e9sentiel, soit en envoyant leur pouvoir)<\/p>\n<p><strong>Ordre du jour :<\/strong><br \/>\n1 \u2013 Rapport d\u2019activit\u00e9 2023<br \/>\n2 \u2013 Bilan financier 2023<br \/>\n3 \u2013 Budget pr\u00e9visionnel 2024<br \/>\n4 \u2013 Le conseil d\u2019administration<br \/>\n5 \u2013 Don \u00e0 l\u2019ARSER et d\u00e9ductions fiscales<br \/>\n6 \u2013 Les forums<br \/>\n7 \u2013 Rapport d\u2019orientation 2024<br \/>\n8 \u2013 \u00c9changes et questions diverses<\/p>\n<p><strong>1 \u2013 RAPPORT D\u2019ACTIVITE<\/strong> pr\u00e9sent\u00e9 par <strong>Sylvie Delanian et Roselyne Nicolas<\/strong><br \/>\n&#8211; Les actions d\u00e9but\u00e9es en 2022 ont \u00e9t\u00e9 poursuivies sur 2023.<br \/>\nDynamiser les Forums de discussion en ligne en diffusant \u00e0 tous les adh\u00e9rents <strong>les t\u00e9moignages de patients<\/strong> \u00ab grands t\u00e9moins \u00bb ou \u00ab patients experts \u00bb, ayant une pathologie \u00e9volu\u00e9e et qui ont d\u00e9velopp\u00e9 au fil du temps une connaissance fine des s\u00e9quelles dont ils souffrent et en rendre compte \u00e0 d\u2019autres plus \u00ab novices \u00bb.<br \/>\nNous r\u00e9pondons \u00e9galement aux messages adress\u00e9s sur <a href=\"mailto:ecrire.arser@gmail.com\">ecrire.arser@gmail.com<\/a> et par t\u00e9l\u00e9phone.<\/p>\n<p>&#8211; Le BUREAU a continu\u00e9 \u00e0 \u0153uvrer pour le bon fonctionnement de l\u2019ARSER en pr\u00e9sentiel, comme en visio, afin de poursuivre ses actions et proposer des t\u00e9moignages de patients qui ont accept\u00e9s de partager leur histoire singuli\u00e8re. Un nouveau Flyer ARSER est en pr\u00e9paration.<\/p>\n<p><strong><em>Le rapport d\u2019activit\u00e9s est mis au vote et a \u00e9t\u00e9 approuv\u00e9s \u00e0 l\u2019unanimit\u00e9 des membres pr\u00e9sents ou repr\u00e9sent\u00e9s.<\/em><\/strong><\/p>\n<p>2 &#8211; <strong>BILAN FINANCIER<\/strong> au 31 12 2023 pr\u00e9sent\u00e9 par <strong>Benoit Bruet<\/strong>, Tr\u00e9sorier.<br \/>\nLe r\u00e9sultat net de l\u2019exercice 2023 est 5.726,26 \u20ac, se d\u00e9composant en 2.353,74 \u20ac de d\u00e9penses pour 8.080 \u20ac de recettes, ces derni\u00e8res se r\u00e9partissant en 3.680 \u20ac de cotisations et 4.400 \u20ac de dons pour la recherche (CCP \u00e0 8.345,90 \u20ac, Livret A \u00e0 67.805,56 \u20ac, caisse \u00e0 30 \u20ac, pour un total de liquidit\u00e9s \u00e0 76.181,46 \u20ac).<\/p>\n<p>Ce bilan financier atteste d\u2019une r\u00e9duction d\u2019un tiers de cotisations. Une des causes avanc\u00e9es a \u00e9t\u00e9 les cons\u00e9quences de d\u00e9stabilisation de la p\u00e9riode Covid sur la sant\u00e9 de nos membres, comme dans la r\u00e9duction de l\u2019assiduit\u00e9 du suivi de consultation ou une aggravation de leur pathologie.<br \/>\n<strong><em>Le bilan financier est mis au vote et a \u00e9t\u00e9 approuv\u00e9 \u00e0 l\u2019unanimit\u00e9 des membres pr\u00e9sents ou repr\u00e9sent\u00e9s.<\/em><\/strong><\/p>\n<p>B Bruet a grandement \u0153uvr\u00e9 pour faciliter la comptabilit\u00e9 de l\u2019ARSER avec acc\u00e8s de r\u00e9-inscription en ligne, dotation de carte bleue\u2026 nous le remercions.<\/p>\n<p><strong>3 &#8211; BUDGET PREVISIONNEL 2024<\/strong><br \/>\n\u2022 Le budget pr\u00e9visionnel est de 1.613,04 \u20ac en d\u00e9penses, et de 3.680 \u20ac en cotisations, auxquels s\u2019ajoutent un pr\u00e9visionnel de 4.400 \u20ac en dons pour la Recherche m\u00e9dicale et de 800 \u20ac d\u2019int\u00e9r\u00eats sur le Livret A, pour un total pr\u00e9visionnel de 8.880 \u20ac de recettes.<br \/>\nLe budget pr\u00e9visionnel 2024 mis au vote et approuv\u00e9 \u00e0 l\u2019unanimit\u00e9 des membres pr\u00e9sents ou repr\u00e9sent\u00e9s.<\/p>\n<p><strong>4 &#8211; Membres du CONSEIL D\u2019ADMINISTRATION<\/strong> actuels<br \/>\n&#8211; Pr Sylvie DELANIAN, Pr\u00e9sidente<br \/>\n&#8211; Pr Pierre-Fran\u00e7ois PRADAT, Vice-Pr\u00e9sident<br \/>\n&#8211; Roselyne NICOLAS, Secr\u00e9taire G\u00e9n\u00e9rale<br \/>\n&#8211; Benoit BRUET, Tr\u00e9sorier<br \/>\n&#8211; Jean-Pierre BRIOT, Administrateur et Responsable relations ext\u00e9rieures<br \/>\n&#8211; Marie Lise CHOPIN, Administrateur<br \/>\n&#8211; Hans CARL, Administrateur, D\u00e9l\u00e9gu\u00e9 Occitanie<\/p>\n<p><strong>Nouvelle candidature<\/strong> au conseil d\u2019administration :<br \/>\nIl est propos\u00e9 la candidature de Jean-Marie Cariage comme administrateur.<br \/>\nCette proposition est mise au vote et a \u00e9t\u00e9 approuv\u00e9e \u00e0 l\u2019unanimit\u00e9 des membres pr\u00e9sents ou repr\u00e9sent\u00e9s.<\/p>\n<p><strong><em>Hommage \u00e0 Jean VALLEE<\/em><\/strong>, membre du Conseil d\u2019administration<br \/>\n\u2022 <em>Jean VALLEE, fid\u00e8le de la premi\u00e8re heure d\u00e8s la fondation de l\u2019ARSER nous a quitt\u00e9 il y a quelques semaines<\/em><br \/>\n<em>\u2026 une infection de trop\u2026<\/em><br \/>\n<em>\u2022 Il aura r\u00e9sist\u00e9 aux diverses s\u00e9quelles de sa radioth\u00e9rapie ORL tant sur le plan neurologique qu\u2019alimentaire<\/em><br \/>\n<em>avec les moyens m\u00e9dicaux mis en place pour les limiter.<\/em><br \/>\n<em>\u2022 Toute notre sympathie se tourne vers sa famille. Son dynamisme et bonne humeur vont nous manquer.<\/em><\/p>\n<p><strong>7 &#8211; Rapport d\u2019orientation<\/strong> pr\u00e9sent\u00e9 par <strong>Sylvie Delanian et Roselyne Nicolas<\/strong><br \/>\n\u2022 En 2024 nous allons poursuivre les actions 2023, afin que notre association soit mieux connue et permette une orientation optimale des patients vers des professionnels m\u00e9dicaux comp\u00e9tents.<br \/>\nRappel :<br \/>\n\u2022 <strong>Dons \u00e0 l\u2019Arser de la partie recherche et possible d\u00e9duction fiscale !<\/strong> apr\u00e8s 10 ans d\u2019\u00e9changes, la derni\u00e8re demande a abouti. L\u2019Arser a \u00e9t\u00e9 reconnue \u00e9ligible par la DGFIP en janvier 2023 au r\u00e9gime du m\u00e9c\u00e9nat pr\u00e9vu par le Code g\u00e9n\u00e9ral des imp\u00f4ts, en tant qu\u2019organisme d&#8217;int\u00e9r\u00eat g\u00e9n\u00e9ral, du fait de ses activit\u00e9s \u00e0 caract\u00e8re scientifique (dons qui concourent \u00e0 la d\u00e9couverte de pistes de traitement, avec un conseil scientifique) et social (venir en aide \u00e0 des personnes en situation de difficult\u00e9).<br \/>\n<strong><em>Le rapport d\u2019orientation est mis au vote et approuv\u00e9 \u00e0 l\u2019unanimit\u00e9 des membres pr\u00e9sents ou repr\u00e9sent\u00e9s.<\/em><\/strong><\/p>\n<p><strong>8 \u2013 QUITUS \u00e0 la Pr\u00e9sidente et au Conseil d\u2019Administration<\/strong><br \/>\n<em>A l\u2019unanimit\u00e9, le quitus est donn\u00e9 \u00e0 Sylvie DELANIAN, Pr\u00e9sidente, et au Conseil d\u2019Administration.<\/em><\/p>\n<p><strong>9 \u2013 \u00c9changes et questions diverses<\/strong> : de nombreux \u00e9changes ont eu lieu entre les personnes pr\u00e9sentes dans la convivialit\u00e9 habituelle de notre association.<\/p>\n<p><strong>RUPTURE de PENTOXIFYLLINE<\/strong><br \/>\nLa Pentoxifylline g\u00e9n\u00e9rique du TORENTAL400 \u00e9tait anciennement fabriqu\u00e9e par Sanofi (interruption du princeps en 2012) puis PENTOFLUX 400 fabriqu\u00e9 par Bouchara (interruption de fabrication vers 2019) puis uniquement des g\u00e9n\u00e9riques (laboratoire EG) jusqu\u2019\u00e0 juin 2023 date \u00e0 laquelle ce m\u00e9dicament non rembours\u00e9 n\u2019a plus \u00e9t\u00e9 disponible en France (jusqu\u2019\u00e0 \u00e9puisement des stocks).<br \/>\nOr il fait partie de la trith\u00e9rapie PENTOCLO base des traitements anti-fibrosants en pathologie radio-induite.<br \/>\nLes r\u00e9actions dans l\u2019imm\u00e9diat ont \u00e9t\u00e9 :<br \/>\n1- La Pentoxifylline est toujours <strong>disponible en pharmacie \u00e0 l\u2019\u00e9tranger<\/strong> en Europe (Suisse, Belgique, Angleterre, Allemagne, Portugal, Espagne\u2026) et aux Etats Unis (TRENTAL). et en pathologie v\u00e9t\u00e9rinaire.<br \/>\n2- L\u2019institut <strong>Gustave Roussy se dirige sur une fabrication pour ses patients<\/strong> avec ost\u00e9oradion\u00e9crose.<br \/>\n3- Il est demand\u00e9 \u00e0 Jean-Marie Cariage, habitant pr\u00e8s de la Suisse de faire <strong>l\u2019acquisition d\u2019un stock<\/strong> de Pentoxifylline (100 boites) pour que le Pr Delanian, gr\u00e2ce \u00e0 l\u2019ARSER, puisse traiter des patients.<br \/>\n4- Le Pr Delanian a propos\u00e9 une <strong>alternative vasculaire d\u2019attente avec VASTAREL<\/strong> (Trim\u00e9tazidine), mol\u00e9cule qui avait fait ses preuves chez l\u2019animal en radiobiologie.<br \/>\n<strong>COVID ET PATHOLOGIE RADIO-INDUITE<\/strong><br \/>\nLes effets secondaires de la radioth\u00e9rapie, comme le virus Covid ou son vaccin (via temp\u00eate cytokinique et r\u00e9cepteur \u00e0 l\u2019angiotensine) interf\u00e8rent avec les tissus sous forme d\u2019inflammation chronique et perturbations des petits vaisseaux sanguins. Cela s\u2019est traduit chez les patients symptomatiques, depuis 2020, par des paliers d\u2019aggravation fibro-atrophique au sein des tissus irradi\u00e9s : comme un vent violent (Mistral) soufflant sur des braises. Ces observations sont survenues en d\u00e9cal\u00e9 2 \u00e0 4 semaines apr\u00e8s Covid (ou vaccin) et avec une dur\u00e9e de la sur-stimulation de 2 \u00e0 4 mois. M\u00eame avec une rhinopharyngite banale, la pouss\u00e9e demeure.<br \/>\nLes patients doivent rester vigilants et toute infection bact\u00e9rienne associ\u00e9e doit \u00eatre trait\u00e9e pr\u00e9cocement.<\/p>\n<p><strong>RECHERCHE MEDICALE<\/strong><br \/>\nLe soutien \u00e0 la recherche fondamental est on\u00e9reux sur le plan mat\u00e9riel et humain. Cependant une<br \/>\ngratification de 500\u20ac par mois sur 6 mois peut \u00eatre d\u2019ores et d\u00e9j\u00e0 \u00eatre envisag\u00e9e pour les \u00e9tudiants en<br \/>\nMASTER pour un projet destin\u00e9 \u00e0 am\u00e9liorer les s\u00e9quelles de la radioth\u00e9rapie.<br \/>\nJean-Marie Cariage r\u00e9fl\u00e9chit \u00e0 une collecte de fonds pour am\u00e9liorer de fa\u00e7on plus p\u00e9renne et consistante<br \/>\nnotre situation financi\u00e8re.<br \/>\nUn transfert de fonds de la dissolution d\u2019ARSER Suisse est \u00e9galement au programme.<\/p>\n<p><strong>SITE INTERNET<\/strong><br \/>\nUne modification du site internet est envisag\u00e9e dans son versant international avec un onglet Canada, US, Angleterre (Ian Simpson), Suisse, Br\u00e9sil (J.P. Briot).<\/p>\n<p>Plus rien n\u2019\u00e9tant \u00e0 l\u2019Ordre du Jour de l\u2019Assembl\u00e9e G\u00e9n\u00e9rale Ordinaire la s\u00e9ance est lev\u00e9e \u00e0 13h.<\/p>\n<p><strong>Pr Sylvie DELANIAN<\/strong>, Pr\u00e9sidente de l\u2019ARSER\u00a0 \u00a0 \u00a0 <strong>Roselyne NICOLAS<\/strong>, Secr\u00e9taire G\u00e9n\u00e9rale de ARSER<\/p>","protected":false},"excerpt":{"rendered":"<p>Sorry, this entry is only available in Fran\u00e7ais. Les membres de l\u2019Association ont \u00e9t\u00e9 convoqu\u00e9s par courrier \u00e9lectronique le 03 avril 2023 \u00e0 participer \u00e0 l\u2018 AGO de l\u2019ARSER, en pr\u00e9sentiel Le samedi 6 avril 2024 h\u00e9berg\u00e9e au Centre Canc\u00e9rologique de la Porte de Saint Cloud, salle de r\u00e9union au 30 rue de Paris, 92100 &hellip; <a href=\"https:\/\/resra.bruet.com\/en\/compte-rendu-de-lassemblee-generale-ordinaire-du-6-avril-2024\/\" class=\"more-link\">Continue reading<span class=\"screen-reader-text\"> &#8220;(Fran\u00e7ais) Compte-rendu de L\u2019ASSEMBLEE GENERALE ORDINAIRE du 6 avril 2024&#8221;<\/span><\/a><\/p>\n","protected":false},"author":1519,"featured_media":0,"comment_status":"closed","ping_status":"closed","sticky":false,"template":"","format":"standard","meta":{"_bbp_topic_count":0,"_bbp_reply_count":0,"_bbp_total_topic_count":0,"_bbp_total_reply_count":0,"_bbp_voice_count":0,"_bbp_anonymous_reply_count":0,"_bbp_topic_count_hidden":0,"_bbp_reply_count_hidden":0,"_bbp_forum_subforum_count":0,"footnotes":""},"categories":[9],"tags":[],"class_list":["post-18622","post","type-post","status-publish","format-standard","hentry","category-chroniques"],"yoast_head":"<!-- This site is optimized with the Yoast SEO plugin v27.1.1 - https:\/\/yoast.com\/product\/yoast-seo-wordpress\/ -->\r\n<title>(Fran\u00e7ais) Compte-rendu de L\u2019ASSEMBLEE GENERALE ORDINAIRE du 6 avril 2024  - Association pour la Recherche sur les S\u00e9quelles de la Radioth\u00e9rapie<\/title>\r\n<meta name=\"robots\" content=\"index, follow, max-snippet:-1, max-image-preview:large, max-video-preview:-1\" \/>\r\n<link rel=\"canonical\" href=\"https:\/\/resra.bruet.com\/en\/compte-rendu-de-lassemblee-generale-ordinaire-du-6-avril-2024\/\" \/>\r\n<meta property=\"og:locale\" content=\"en_US\" \/>\r\n<meta property=\"og:type\" content=\"article\" \/>\r\n<meta property=\"og:title\" content=\"(Fran\u00e7ais) Compte-rendu de L\u2019ASSEMBLEE GENERALE ORDINAIRE du 6 avril 2024  - Association pour la Recherche sur les S\u00e9quelles de la Radioth\u00e9rapie\" \/>\r\n<meta property=\"og:description\" content=\"Sorry, this entry is only available in Fran\u00e7ais. Les membres de l\u2019Association ont \u00e9t\u00e9 convoqu\u00e9s par courrier \u00e9lectronique le 03 avril 2023 \u00e0 participer \u00e0 l\u2018 AGO de l\u2019ARSER, en pr\u00e9sentiel Le samedi 6 avril 2024 h\u00e9berg\u00e9e au Centre Canc\u00e9rologique de la Porte de Saint Cloud, salle de r\u00e9union au 30 rue de Paris, 92100 &hellip; Continue reading &quot;(Fran\u00e7ais) Compte-rendu de L\u2019ASSEMBLEE GENERALE ORDINAIRE du 6 avril 2024&quot;\" \/>\r\n<meta property=\"og:url\" content=\"https:\/\/resra.bruet.com\/en\/compte-rendu-de-lassemblee-generale-ordinaire-du-6-avril-2024\/\" \/>\r\n<meta property=\"og:site_name\" content=\"Association pour la Recherche sur les S\u00e9quelles de la Radioth\u00e9rapie\" \/>\r\n<meta property=\"article:publisher\" content=\"https:\/\/www.facebook.com\/profile.php?id=100086562396208\" \/>\r\n<meta property=\"article:published_time\" content=\"2024-05-07T18:23:37+00:00\" \/>\r\n<meta property=\"article:modified_time\" content=\"2024-05-07T18:25:00+00:00\" \/>\r\n<meta name=\"author\" content=\"AdminArser\" \/>\r\n<meta name=\"twitter:card\" content=\"summary_large_image\" \/>\r\n<meta name=\"twitter:label1\" content=\"Written by\" \/>\n\t<meta name=\"twitter:data1\" content=\"AdminArser\" \/>\n\t<meta name=\"twitter:label2\" content=\"Est. reading time\" \/>\n\t<meta name=\"twitter:data2\" content=\"8 minutes\" \/>\r\n<script type=\"application\/ld+json\" class=\"yoast-schema-graph\">{\"@context\":\"https:\/\/schema.org\",\"@graph\":[{\"@type\":\"Article\",\"@id\":\"https:\/\/resra.bruet.com\/compte-rendu-de-lassemblee-generale-ordinaire-du-6-avril-2024\/#article\",\"isPartOf\":{\"@id\":\"https:\/\/resra.bruet.com\/compte-rendu-de-lassemblee-generale-ordinaire-du-6-avril-2024\/\"},\"author\":{\"name\":\"AdminArser\",\"@id\":\"https:\/\/resra.bruet.com\/#\/schema\/person\/bfd4d66106ac18baa3e8c590ef0409e5\"},\"headline\":\"(Fran\u00e7ais) Compte-rendu de L\u2019ASSEMBLEE GENERALE ORDINAIRE du 6 avril 2024\",\"datePublished\":\"2024-05-07T18:23:37+00:00\",\"dateModified\":\"2024-05-07T18:25:00+00:00\",\"mainEntityOfPage\":{\"@id\":\"https:\/\/resra.bruet.com\/compte-rendu-de-lassemblee-generale-ordinaire-du-6-avril-2024\/\"},\"wordCount\":1559,\"publisher\":{\"@id\":\"https:\/\/resra.bruet.com\/#organization\"},\"articleSection\":[\"Chronicles\"],\"inLanguage\":\"en-US\"},{\"@type\":\"WebPage\",\"@id\":\"https:\/\/resra.bruet.com\/en\/compte-rendu-de-lassemblee-generale-ordinaire-du-6-avril-2024\/\",\"url\":\"https:\/\/resra.bruet.com\/en\/compte-rendu-de-lassemblee-generale-ordinaire-du-6-avril-2024\/\",\"name\":\"(Fran\u00e7ais) Compte-rendu de L\u2019ASSEMBLEE GENERALE ORDINAIRE du 6 avril 2024  - Association pour la Recherche sur les S\u00e9quelles de la Radioth\u00e9rapie\",\"isPartOf\":{\"@id\":\"https:\/\/resra.bruet.com\/en\/#website\"},\"datePublished\":\"2024-05-07T18:23:37+00:00\",\"dateModified\":\"2024-05-07T18:25:00+00:00\",\"breadcrumb\":{\"@id\":\"https:\/\/resra.bruet.com\/en\/compte-rendu-de-lassemblee-generale-ordinaire-du-6-avril-2024\/#breadcrumb\"},\"inLanguage\":\"en-US\",\"potentialAction\":[{\"@type\":\"ReadAction\",\"target\":[[\"https:\/\/resra.bruet.com\/en\/compte-rendu-de-lassemblee-generale-ordinaire-du-6-avril-2024\/\"]]}]},{\"@type\":\"BreadcrumbList\",\"@id\":\"https:\/\/resra.bruet.com\/en\/compte-rendu-de-lassemblee-generale-ordinaire-du-6-avril-2024\/#breadcrumb\",\"itemListElement\":[{\"@type\":\"ListItem\",\"position\":1,\"name\":\"Accueil\",\"item\":\"https:\/\/resra.bruet.com\/en\/\"},{\"@type\":\"ListItem\",\"position\":2,\"name\":\"Compte-rendu de L\u2019ASSEMBLEE GENERALE ORDINAIRE du 6 avril 2024\"}]},{\"@type\":\"WebSite\",\"@id\":\"https:\/\/resra.bruet.com\/en\/#website\",\"url\":\"https:\/\/resra.bruet.com\/en\/\",\"name\":\"Association pour la Recherche sur les S\u00e9quelles de la Radioth\u00e9rapie\",\"description\":\"To help patients who have undergone radiotherapy to minimize its after effects\",\"publisher\":{\"@id\":\"https:\/\/resra.bruet.com\/en\/#organization\"},\"potentialAction\":[{\"@type\":\"SearchAction\",\"target\":{\"@type\":\"EntryPoint\",\"urlTemplate\":\"https:\/\/resra.bruet.com\/en\/?s={search_term_string}\"},\"query-input\":{\"@type\":\"PropertyValueSpecification\",\"valueRequired\":true,\"valueName\":\"search_term_string\"}}],\"inLanguage\":\"en-US\"},{\"@type\":\"Organization\",\"@id\":\"https:\/\/resra.bruet.com\/en\/#organization\",\"name\":\"Association pour la Recherche sur les S\u00e9quelles de la Radioth\u00e9rapie\",\"url\":\"https:\/\/resra.bruet.com\/en\/\",\"logo\":{\"@type\":\"ImageObject\",\"inLanguage\":\"en-US\",\"@id\":\"https:\/\/resra.bruet.com\/en\/#\/schema\/logo\/image\/\",\"url\":\"https:\/\/resra.bruet.com\/wp-content\/uploads\/2022\/03\/logo-Grand-ARSER-web-carre.jpg\",\"contentUrl\":\"https:\/\/resra.bruet.com\/wp-content\/uploads\/2022\/03\/logo-Grand-ARSER-web-carre.jpg\",\"width\":300,\"height\":300,\"caption\":\"Association pour la Recherche sur les S\u00e9quelles de la Radioth\u00e9rapie\"},\"image\":{\"@id\":\"https:\/\/resra.bruet.com\/en\/#\/schema\/logo\/image\/\"},\"sameAs\":[\"https:\/\/www.facebook.com\/profile.php?id=100086562396208\"]},{\"@type\":\"Person\",\"@id\":\"https:\/\/resra.bruet.com\/#\/schema\/person\/bfd4d66106ac18baa3e8c590ef0409e5\",\"name\":\"AdminArser\",\"image\":{\"@type\":\"ImageObject\",\"inLanguage\":\"en-US\",\"@id\":\"https:\/\/resra.bruet.com\/en\/#\/schema\/person\/image\/\",\"url\":\"https:\/\/secure.gravatar.com\/avatar\/843f6acdab194e0868e42182ea477beb5f6728f13aec135eba9b31e4308ecc64?s=96&d=blank&r=g\",\"contentUrl\":\"https:\/\/secure.gravatar.com\/avatar\/843f6acdab194e0868e42182ea477beb5f6728f13aec135eba9b31e4308ecc64?s=96&d=blank&r=g\",\"caption\":\"AdminArser\"},\"url\":\"https:\/\/resra.bruet.com\/en\/author\/adminarser\/\"}]}<\/script>\r\n<!-- \/ Yoast SEO plugin. -->","yoast_head_json":{"title":"(Fran\u00e7ais) Compte-rendu de L\u2019ASSEMBLEE GENERALE ORDINAIRE du 6 avril 2024  - Association pour la Recherche sur les S\u00e9quelles de la Radioth\u00e9rapie","robots":{"index":"index","follow":"follow","max-snippet":"max-snippet:-1","max-image-preview":"max-image-preview:large","max-video-preview":"max-video-preview:-1"},"canonical":"https:\/\/resra.bruet.com\/en\/compte-rendu-de-lassemblee-generale-ordinaire-du-6-avril-2024\/","og_locale":"en_US","og_type":"article","og_title":"(Fran\u00e7ais) Compte-rendu de L\u2019ASSEMBLEE GENERALE ORDINAIRE du 6 avril 2024  - Association pour la Recherche sur les S\u00e9quelles de la Radioth\u00e9rapie","og_description":"Sorry, this entry is only available in Fran\u00e7ais. Les membres de l\u2019Association ont \u00e9t\u00e9 convoqu\u00e9s par courrier \u00e9lectronique le 03 avril 2023 \u00e0 participer \u00e0 l\u2018 AGO de l\u2019ARSER, en pr\u00e9sentiel Le samedi 6 avril 2024 h\u00e9berg\u00e9e au Centre Canc\u00e9rologique de la Porte de Saint Cloud, salle de r\u00e9union au 30 rue de Paris, 92100 &hellip; Continue reading \"(Fran\u00e7ais) Compte-rendu de L\u2019ASSEMBLEE GENERALE ORDINAIRE du 6 avril 2024\"","og_url":"https:\/\/resra.bruet.com\/en\/compte-rendu-de-lassemblee-generale-ordinaire-du-6-avril-2024\/","og_site_name":"Association pour la Recherche sur les S\u00e9quelles de la Radioth\u00e9rapie","article_publisher":"https:\/\/www.facebook.com\/profile.php?id=100086562396208","article_published_time":"2024-05-07T18:23:37+00:00","article_modified_time":"2024-05-07T18:25:00+00:00","author":"AdminArser","twitter_card":"summary_large_image","twitter_misc":{"Written by":"AdminArser","Est. reading time":"8 minutes"},"schema":{"@context":"https:\/\/schema.org","@graph":[{"@type":"Article","@id":"https:\/\/resra.bruet.com\/compte-rendu-de-lassemblee-generale-ordinaire-du-6-avril-2024\/#article","isPartOf":{"@id":"https:\/\/resra.bruet.com\/compte-rendu-de-lassemblee-generale-ordinaire-du-6-avril-2024\/"},"author":{"name":"AdminArser","@id":"https:\/\/resra.bruet.com\/#\/schema\/person\/bfd4d66106ac18baa3e8c590ef0409e5"},"headline":"(Fran\u00e7ais) Compte-rendu de L\u2019ASSEMBLEE GENERALE ORDINAIRE du 6 avril 2024","datePublished":"2024-05-07T18:23:37+00:00","dateModified":"2024-05-07T18:25:00+00:00","mainEntityOfPage":{"@id":"https:\/\/resra.bruet.com\/compte-rendu-de-lassemblee-generale-ordinaire-du-6-avril-2024\/"},"wordCount":1559,"publisher":{"@id":"https:\/\/resra.bruet.com\/#organization"},"articleSection":["Chronicles"],"inLanguage":"en-US"},{"@type":"WebPage","@id":"https:\/\/resra.bruet.com\/en\/compte-rendu-de-lassemblee-generale-ordinaire-du-6-avril-2024\/","url":"https:\/\/resra.bruet.com\/en\/compte-rendu-de-lassemblee-generale-ordinaire-du-6-avril-2024\/","name":"(Fran\u00e7ais) Compte-rendu de L\u2019ASSEMBLEE GENERALE ORDINAIRE du 6 avril 2024  - Association pour la Recherche sur les S\u00e9quelles de la Radioth\u00e9rapie","isPartOf":{"@id":"https:\/\/resra.bruet.com\/en\/#website"},"datePublished":"2024-05-07T18:23:37+00:00","dateModified":"2024-05-07T18:25:00+00:00","breadcrumb":{"@id":"https:\/\/resra.bruet.com\/en\/compte-rendu-de-lassemblee-generale-ordinaire-du-6-avril-2024\/#breadcrumb"},"inLanguage":"en-US","potentialAction":[{"@type":"ReadAction","target":[["https:\/\/resra.bruet.com\/en\/compte-rendu-de-lassemblee-generale-ordinaire-du-6-avril-2024\/"]]}]},{"@type":"BreadcrumbList","@id":"https:\/\/resra.bruet.com\/en\/compte-rendu-de-lassemblee-generale-ordinaire-du-6-avril-2024\/#breadcrumb","itemListElement":[{"@type":"ListItem","position":1,"name":"Accueil","item":"https:\/\/resra.bruet.com\/en\/"},{"@type":"ListItem","position":2,"name":"Compte-rendu de L\u2019ASSEMBLEE GENERALE ORDINAIRE du 6 avril 2024"}]},{"@type":"WebSite","@id":"https:\/\/resra.bruet.com\/en\/#website","url":"https:\/\/resra.bruet.com\/en\/","name":"Association pour la Recherche sur les S\u00e9quelles de la Radioth\u00e9rapie","description":"To help patients who have undergone radiotherapy to minimize its after effects","publisher":{"@id":"https:\/\/resra.bruet.com\/en\/#organization"},"potentialAction":[{"@type":"SearchAction","target":{"@type":"EntryPoint","urlTemplate":"https:\/\/resra.bruet.com\/en\/?s={search_term_string}"},"query-input":{"@type":"PropertyValueSpecification","valueRequired":true,"valueName":"search_term_string"}}],"inLanguage":"en-US"},{"@type":"Organization","@id":"https:\/\/resra.bruet.com\/en\/#organization","name":"Association pour la Recherche sur les S\u00e9quelles de la Radioth\u00e9rapie","url":"https:\/\/resra.bruet.com\/en\/","logo":{"@type":"ImageObject","inLanguage":"en-US","@id":"https:\/\/resra.bruet.com\/en\/#\/schema\/logo\/image\/","url":"https:\/\/resra.bruet.com\/wp-content\/uploads\/2022\/03\/logo-Grand-ARSER-web-carre.jpg","contentUrl":"https:\/\/resra.bruet.com\/wp-content\/uploads\/2022\/03\/logo-Grand-ARSER-web-carre.jpg","width":300,"height":300,"caption":"Association pour la Recherche sur les S\u00e9quelles de la Radioth\u00e9rapie"},"image":{"@id":"https:\/\/resra.bruet.com\/en\/#\/schema\/logo\/image\/"},"sameAs":["https:\/\/www.facebook.com\/profile.php?id=100086562396208"]},{"@type":"Person","@id":"https:\/\/resra.bruet.com\/#\/schema\/person\/bfd4d66106ac18baa3e8c590ef0409e5","name":"AdminArser","image":{"@type":"ImageObject","inLanguage":"en-US","@id":"https:\/\/resra.bruet.com\/en\/#\/schema\/person\/image\/","url":"https:\/\/secure.gravatar.com\/avatar\/843f6acdab194e0868e42182ea477beb5f6728f13aec135eba9b31e4308ecc64?s=96&d=blank&r=g","contentUrl":"https:\/\/secure.gravatar.com\/avatar\/843f6acdab194e0868e42182ea477beb5f6728f13aec135eba9b31e4308ecc64?s=96&d=blank&r=g","caption":"AdminArser"},"url":"https:\/\/resra.bruet.com\/en\/author\/adminarser\/"}]}},"_links":{"self":[{"href":"https:\/\/resra.bruet.com\/en\/wp-json\/wp\/v2\/posts\/18622","targetHints":{"allow":["GET"]}}],"collection":[{"href":"https:\/\/resra.bruet.com\/en\/wp-json\/wp\/v2\/posts"}],"about":[{"href":"https:\/\/resra.bruet.com\/en\/wp-json\/wp\/v2\/types\/post"}],"author":[{"embeddable":true,"href":"https:\/\/resra.bruet.com\/en\/wp-json\/wp\/v2\/users\/1519"}],"replies":[{"embeddable":true,"href":"https:\/\/resra.bruet.com\/en\/wp-json\/wp\/v2\/comments?post=18622"}],"version-history":[{"count":2,"href":"https:\/\/resra.bruet.com\/en\/wp-json\/wp\/v2\/posts\/18622\/revisions"}],"predecessor-version":[{"id":18624,"href":"https:\/\/resra.bruet.com\/en\/wp-json\/wp\/v2\/posts\/18622\/revisions\/18624"}],"wp:attachment":[{"href":"https:\/\/resra.bruet.com\/en\/wp-json\/wp\/v2\/media?parent=18622"}],"wp:term":[{"taxonomy":"category","embeddable":true,"href":"https:\/\/resra.bruet.com\/en\/wp-json\/wp\/v2\/categories?post=18622"},{"taxonomy":"post_tag","embeddable":true,"href":"https:\/\/resra.bruet.com\/en\/wp-json\/wp\/v2\/tags?post=18622"}],"curies":[{"name":"wp","href":"https:\/\/api.w.org\/{rel}","templated":true}]}}